{"id":1443,"date":"2026-03-10T18:05:03","date_gmt":"2026-03-10T21:05:03","guid":{"rendered":"https:\/\/www.gcouto.com.br\/?p=1443"},"modified":"2026-03-12T18:05:31","modified_gmt":"2026-03-12T21:05:31","slug":"carolina-h-m-reinach-e-reconhecida-no-ranking-analise-advocacia-mulher-2026","status":"publish","type":"post","link":"https:\/\/www.gcouto.com.br\/en\/carolina-h-m-reinach-e-reconhecida-no-ranking-analise-advocacia-mulher-2026\/","title":{"rendered":"Carolina H. M. Reinach \u00e9 reconhecida no ranking An\u00e1lise Advocacia Mulher 2026"},"content":{"rendered":"\n<p><\/p>\n\n\n\n<p class=\"has-text-align-left\">Nossa associada <a href=\"https:\/\/www.linkedin.com\/in\/carolina-h-m-reinach-277471aa\/\">Carolina H. M. Reinach<\/a> foi novamente reconhecida pelo ranking An\u00e1lise Advocacia Mulher. Na edi\u00e7\u00e3o 2026 do guia, Carolina conquistou 1\u00ba lugar na especialidade Ambiental e tamb\u00e9m foi destacada no setor econ\u00f4mico Com\u00e9rcio exterior, ambos na categoria Abrangente.<br><br>Agradecemos \u00e0 <a href=\"https:\/\/www.linkedin.com\/company\/analise-editorial\/\">An\u00e1lise Editorial<\/a> e aos nossos clientes e parceiros pela confian\u00e7a e pelo reconhecimento.<\/p>\n\n\n\n<p><\/p>\n","protected":false},"excerpt":{"rendered":"<p>Nossa associada Carolina H. M. Reinach foi novamente reconhecida pelo ranking An\u00e1lise Advocacia Mulher. Na edi\u00e7\u00e3o 2026 do guia, Carolina conquistou 1\u00ba lugar na especialidade Ambiental e tamb\u00e9m foi destacada no setor econ\u00f4mico Com\u00e9rcio exterior, ambos na categoria Abrangente. Agradecemos \u00e0 An\u00e1lise Editorial e aos nossos clientes e parceiros pela confian\u00e7a e pelo reconhecimento.<\/p>\n","protected":false},"author":3,"featured_media":0,"comment_status":"open","ping_status":"open","sticky":false,"template":"","format":"standard","meta":{"footnotes":""},"categories":[15],"tags":[],"class_list":["post-1443","post","type-post","status-publish","format-standard","hentry","category-noticias"],"yoast_head":"<!-- This site is optimized with the Yoast SEO plugin v23.4 - https:\/\/yoast.com\/wordpress\/plugins\/seo\/ -->\n<title>Carolina H. M. Reinach \u00e9 reconhecida no ranking An\u00e1lise Advocacia Mulher 2026 - Gra\u00e7a Couto<\/title>\n<meta name=\"robots\" content=\"index, follow, max-snippet:-1, max-image-preview:large, max-video-preview:-1\" \/>\n<link rel=\"canonical\" href=\"https:\/\/www.gcouto.com.br\/carolina-h-m-reinach-e-reconhecida-no-ranking-analise-advocacia-mulher-2026\/\" \/>\n<meta property=\"og:locale\" content=\"en_US\" \/>\n<meta property=\"og:type\" content=\"article\" \/>\n<meta property=\"og:title\" content=\"Carolina H. M. Reinach \u00e9 reconhecida no ranking An\u00e1lise Advocacia Mulher 2026 - Gra\u00e7a Couto\" \/>\n<meta property=\"og:description\" content=\"Nossa associada Carolina H. M. Reinach foi novamente reconhecida pelo ranking An\u00e1lise Advocacia Mulher. Na edi\u00e7\u00e3o 2026 do guia, Carolina conquistou 1\u00ba lugar na especialidade Ambiental e tamb\u00e9m foi destacada no setor econ\u00f4mico Com\u00e9rcio exterior, ambos na categoria Abrangente. Agradecemos \u00e0 An\u00e1lise Editorial e aos nossos clientes e parceiros pela confian\u00e7a e pelo reconhecimento.\" \/>\n<meta property=\"og:url\" content=\"https:\/\/www.gcouto.com.br\/carolina-h-m-reinach-e-reconhecida-no-ranking-analise-advocacia-mulher-2026\/\" \/>\n<meta property=\"og:site_name\" content=\"Gra\u00e7a Couto\" \/>\n<meta property=\"article:published_time\" content=\"2026-03-10T21:05:03+00:00\" \/>\n<meta property=\"article:modified_time\" content=\"2026-03-12T21:05:31+00:00\" \/>\n<meta name=\"author\" content=\"Graca Couto\" \/>\n<meta name=\"twitter:card\" content=\"summary_large_image\" \/>\n<meta name=\"twitter:label1\" content=\"Written by\" \/>\n\t<meta name=\"twitter:data1\" content=\"Graca Couto\" \/>\n\t<meta name=\"twitter:label2\" content=\"Est. reading time\" \/>\n\t<meta name=\"twitter:data2\" content=\"1 minute\" \/>\n<script type=\"application\/ld+json\" class=\"yoast-schema-graph\">{\"@context\":\"https:\/\/schema.org\",\"@graph\":[{\"@type\":\"WebPage\",\"@id\":\"https:\/\/www.gcouto.com.br\/carolina-h-m-reinach-e-reconhecida-no-ranking-analise-advocacia-mulher-2026\/\",\"url\":\"https:\/\/www.gcouto.com.br\/carolina-h-m-reinach-e-reconhecida-no-ranking-analise-advocacia-mulher-2026\/\",\"name\":\"Carolina H. M. Reinach \u00e9 reconhecida no ranking An\u00e1lise Advocacia Mulher 2026 - Gra\u00e7a Couto\",\"isPartOf\":{\"@id\":\"https:\/\/www.gcouto.com.br\/#website\"},\"datePublished\":\"2026-03-10T21:05:03+00:00\",\"dateModified\":\"2026-03-12T21:05:31+00:00\",\"author\":{\"@id\":\"https:\/\/www.gcouto.com.br\/#\/schema\/person\/55698f93f7c21624e5fe8f0c8e595e97\"},\"breadcrumb\":{\"@id\":\"https:\/\/www.gcouto.com.br\/carolina-h-m-reinach-e-reconhecida-no-ranking-analise-advocacia-mulher-2026\/#breadcrumb\"},\"inLanguage\":\"en-US\",\"potentialAction\":[{\"@type\":\"ReadAction\",\"target\":[\"https:\/\/www.gcouto.com.br\/carolina-h-m-reinach-e-reconhecida-no-ranking-analise-advocacia-mulher-2026\/\"]}]},{\"@type\":\"BreadcrumbList\",\"@id\":\"https:\/\/www.gcouto.com.br\/carolina-h-m-reinach-e-reconhecida-no-ranking-analise-advocacia-mulher-2026\/#breadcrumb\",\"itemListElement\":[{\"@type\":\"ListItem\",\"position\":1,\"name\":\"Home\",\"item\":\"https:\/\/www.gcouto.com.br\/en\/\"},{\"@type\":\"ListItem\",\"position\":2,\"name\":\"Carolina H. M. Reinach \u00e9 reconhecida no ranking An\u00e1lise Advocacia Mulher 2026\"}]},{\"@type\":\"WebSite\",\"@id\":\"https:\/\/www.gcouto.com.br\/#website\",\"url\":\"https:\/\/www.gcouto.com.br\/\",\"name\":\"Gra\u00e7a Couto\",\"description\":\"\",\"potentialAction\":[{\"@type\":\"SearchAction\",\"target\":{\"@type\":\"EntryPoint\",\"urlTemplate\":\"https:\/\/www.gcouto.com.br\/?s={search_term_string}\"},\"query-input\":{\"@type\":\"PropertyValueSpecification\",\"valueRequired\":true,\"valueName\":\"search_term_string\"}}],\"inLanguage\":\"en-US\"},{\"@type\":\"Person\",\"@id\":\"https:\/\/www.gcouto.com.br\/#\/schema\/person\/55698f93f7c21624e5fe8f0c8e595e97\",\"name\":\"Graca Couto\",\"image\":{\"@type\":\"ImageObject\",\"inLanguage\":\"en-US\",\"@id\":\"https:\/\/www.gcouto.com.br\/#\/schema\/person\/image\/\",\"url\":\"https:\/\/secure.gravatar.com\/avatar\/00deb9dae555aa523055e24f219c2ef2e412e4cd466f64ded39f9764383e099b?s=96&d=mm&r=g\",\"contentUrl\":\"https:\/\/secure.gravatar.com\/avatar\/00deb9dae555aa523055e24f219c2ef2e412e4cd466f64ded39f9764383e099b?s=96&d=mm&r=g\",\"caption\":\"Graca Couto\"},\"url\":\"https:\/\/www.gcouto.com.br\/en\/author\/gcouto\/\"}]}<\/script>\n<!-- \/ Yoast SEO plugin. -->","yoast_head_json":{"title":"Carolina H. M. Reinach \u00e9 reconhecida no ranking An\u00e1lise Advocacia Mulher 2026 - Gra\u00e7a Couto","robots":{"index":"index","follow":"follow","max-snippet":"max-snippet:-1","max-image-preview":"max-image-preview:large","max-video-preview":"max-video-preview:-1"},"canonical":"https:\/\/www.gcouto.com.br\/carolina-h-m-reinach-e-reconhecida-no-ranking-analise-advocacia-mulher-2026\/","og_locale":"en_US","og_type":"article","og_title":"Carolina H. M. Reinach \u00e9 reconhecida no ranking An\u00e1lise Advocacia Mulher 2026 - Gra\u00e7a Couto","og_description":"Nossa associada Carolina H. M. Reinach foi novamente reconhecida pelo ranking An\u00e1lise Advocacia Mulher. Na edi\u00e7\u00e3o 2026 do guia, Carolina conquistou 1\u00ba lugar na especialidade Ambiental e tamb\u00e9m foi destacada no setor econ\u00f4mico Com\u00e9rcio exterior, ambos na categoria Abrangente. Agradecemos \u00e0 An\u00e1lise Editorial e aos nossos clientes e parceiros pela confian\u00e7a e pelo reconhecimento.","og_url":"https:\/\/www.gcouto.com.br\/carolina-h-m-reinach-e-reconhecida-no-ranking-analise-advocacia-mulher-2026\/","og_site_name":"Gra\u00e7a Couto","article_published_time":"2026-03-10T21:05:03+00:00","article_modified_time":"2026-03-12T21:05:31+00:00","author":"Graca Couto","twitter_card":"summary_large_image","twitter_misc":{"Written by":"Graca Couto","Est. reading time":"1 minute"},"schema":{"@context":"https:\/\/schema.org","@graph":[{"@type":"WebPage","@id":"https:\/\/www.gcouto.com.br\/carolina-h-m-reinach-e-reconhecida-no-ranking-analise-advocacia-mulher-2026\/","url":"https:\/\/www.gcouto.com.br\/carolina-h-m-reinach-e-reconhecida-no-ranking-analise-advocacia-mulher-2026\/","name":"Carolina H. M. Reinach \u00e9 reconhecida no ranking An\u00e1lise Advocacia Mulher 2026 - Gra\u00e7a Couto","isPartOf":{"@id":"https:\/\/www.gcouto.com.br\/#website"},"datePublished":"2026-03-10T21:05:03+00:00","dateModified":"2026-03-12T21:05:31+00:00","author":{"@id":"https:\/\/www.gcouto.com.br\/#\/schema\/person\/55698f93f7c21624e5fe8f0c8e595e97"},"breadcrumb":{"@id":"https:\/\/www.gcouto.com.br\/carolina-h-m-reinach-e-reconhecida-no-ranking-analise-advocacia-mulher-2026\/#breadcrumb"},"inLanguage":"en-US","potentialAction":[{"@type":"ReadAction","target":["https:\/\/www.gcouto.com.br\/carolina-h-m-reinach-e-reconhecida-no-ranking-analise-advocacia-mulher-2026\/"]}]},{"@type":"BreadcrumbList","@id":"https:\/\/www.gcouto.com.br\/carolina-h-m-reinach-e-reconhecida-no-ranking-analise-advocacia-mulher-2026\/#breadcrumb","itemListElement":[{"@type":"ListItem","position":1,"name":"Home","item":"https:\/\/www.gcouto.com.br\/en\/"},{"@type":"ListItem","position":2,"name":"Carolina H. M. Reinach \u00e9 reconhecida no ranking An\u00e1lise Advocacia Mulher 2026"}]},{"@type":"WebSite","@id":"https:\/\/www.gcouto.com.br\/#website","url":"https:\/\/www.gcouto.com.br\/","name":"Gra\u00e7a Couto","description":"","potentialAction":[{"@type":"SearchAction","target":{"@type":"EntryPoint","urlTemplate":"https:\/\/www.gcouto.com.br\/?s={search_term_string}"},"query-input":{"@type":"PropertyValueSpecification","valueRequired":true,"valueName":"search_term_string"}}],"inLanguage":"en-US"},{"@type":"Person","@id":"https:\/\/www.gcouto.com.br\/#\/schema\/person\/55698f93f7c21624e5fe8f0c8e595e97","name":"Graca Couto","image":{"@type":"ImageObject","inLanguage":"en-US","@id":"https:\/\/www.gcouto.com.br\/#\/schema\/person\/image\/","url":"https:\/\/secure.gravatar.com\/avatar\/00deb9dae555aa523055e24f219c2ef2e412e4cd466f64ded39f9764383e099b?s=96&d=mm&r=g","contentUrl":"https:\/\/secure.gravatar.com\/avatar\/00deb9dae555aa523055e24f219c2ef2e412e4cd466f64ded39f9764383e099b?s=96&d=mm&r=g","caption":"Graca Couto"},"url":"https:\/\/www.gcouto.com.br\/en\/author\/gcouto\/"}]}},"_links":{"self":[{"href":"https:\/\/www.gcouto.com.br\/en\/wp-json\/wp\/v2\/posts\/1443","targetHints":{"allow":["GET"]}}],"collection":[{"href":"https:\/\/www.gcouto.com.br\/en\/wp-json\/wp\/v2\/posts"}],"about":[{"href":"https:\/\/www.gcouto.com.br\/en\/wp-json\/wp\/v2\/types\/post"}],"author":[{"embeddable":true,"href":"https:\/\/www.gcouto.com.br\/en\/wp-json\/wp\/v2\/users\/3"}],"replies":[{"embeddable":true,"href":"https:\/\/www.gcouto.com.br\/en\/wp-json\/wp\/v2\/comments?post=1443"}],"version-history":[{"count":1,"href":"https:\/\/www.gcouto.com.br\/en\/wp-json\/wp\/v2\/posts\/1443\/revisions"}],"predecessor-version":[{"id":1444,"href":"https:\/\/www.gcouto.com.br\/en\/wp-json\/wp\/v2\/posts\/1443\/revisions\/1444"}],"wp:attachment":[{"href":"https:\/\/www.gcouto.com.br\/en\/wp-json\/wp\/v2\/media?parent=1443"}],"wp:term":[{"taxonomy":"category","embeddable":true,"href":"https:\/\/www.gcouto.com.br\/en\/wp-json\/wp\/v2\/categories?post=1443"},{"taxonomy":"post_tag","embeddable":true,"href":"https:\/\/www.gcouto.com.br\/en\/wp-json\/wp\/v2\/tags?post=1443"}],"curies":[{"name":"wp","href":"https:\/\/api.w.org\/{rel}","templated":true}]}}