{"id":1431,"date":"2025-12-18T17:13:10","date_gmt":"2025-12-18T20:13:10","guid":{"rendered":"https:\/\/www.gcouto.com.br\/?p=1431"},"modified":"2026-03-12T17:34:15","modified_gmt":"2026-03-12T20:34:15","slug":"guilherme-j-s-leal-colabora-em-guia-do-cebds-sobre-transicao-para-economia-de-baixo-carbono-2","status":"publish","type":"post","link":"https:\/\/www.gcouto.com.br\/en\/guilherme-j-s-leal-colabora-em-guia-do-cebds-sobre-transicao-para-economia-de-baixo-carbono-2\/","title":{"rendered":"Guilherme J. S. Leal colabora em guia do CEBDS sobre transi\u00e7\u00e3o para economia de baixo carbono"},"content":{"rendered":"\n<p><\/p>\n\n\n\n<p class=\"has-text-align-left\">Nosso s\u00f3cio Guilherme J. S. Leal colaborou com o guia \u201cLiderando a Transi\u00e7\u00e3o para um Futuro de Baixo Carbono\u201d, que acaba de ser lan\u00e7ado pelo Conselho Empresarial Brasileiro para o Desenvolvimento Sustent\u00e1vel (CEBDS). Desenvolvida a partir do Ciclo Formativo sobre Planos de Transi\u00e7\u00e3o Corporativos, realizado em 2025, a publica\u00e7\u00e3o re\u00fane conceitos, metodologias, ferramentas e estudos de caso voltados \u00e0 estrutura\u00e7\u00e3o de estrat\u00e9gias clim\u00e1ticas robustas, integradas ao planejamento estrat\u00e9gico e financeiro das empresas.<br><br>O guia apresenta os pilares de um plano de transi\u00e7\u00e3o confi\u00e1vel, do diagn\u00f3stico de emiss\u00f5es \u00e0 defini\u00e7\u00e3o de metas alinhadas \u00e0 ci\u00eancia, al\u00e9m de orienta\u00e7\u00f5es sobre governan\u00e7a, engajamento da cadeia de valor e transpar\u00eancia no reporte.<br><br>O documento est\u00e1 dispon\u00edvel para download: https:\/\/cebds.org\/publicacoes\/liderando-a-transicao-para-um-futuro-de-baixo-carbono\/ <\/p>\n","protected":false},"excerpt":{"rendered":"<p>Nosso s\u00f3cio Guilherme J. S. Leal colaborou com o guia \u201cLiderando a Transi\u00e7\u00e3o para um Futuro de Baixo Carbono\u201d, que acaba de ser lan\u00e7ado pelo Conselho Empresarial Brasileiro para o Desenvolvimento Sustent\u00e1vel (CEBDS). Desenvolvida a partir do Ciclo Formativo sobre Planos de Transi\u00e7\u00e3o Corporativos, realizado em 2025, a publica\u00e7\u00e3o re\u00fane conceitos, metodologias, ferramentas e estudos [&hellip;]<\/p>\n","protected":false},"author":3,"featured_media":0,"comment_status":"open","ping_status":"open","sticky":false,"template":"","format":"standard","meta":{"footnotes":""},"categories":[15],"tags":[],"class_list":["post-1431","post","type-post","status-publish","format-standard","hentry","category-noticias"],"yoast_head":"<!-- This site is optimized with the Yoast SEO plugin v23.4 - https:\/\/yoast.com\/wordpress\/plugins\/seo\/ -->\n<title>Guilherme J. S. Leal colabora em guia do CEBDS sobre transi\u00e7\u00e3o para economia de baixo carbono - Gra\u00e7a Couto<\/title>\n<meta name=\"robots\" content=\"index, follow, max-snippet:-1, max-image-preview:large, max-video-preview:-1\" \/>\n<link rel=\"canonical\" href=\"https:\/\/www.gcouto.com.br\/guilherme-j-s-leal-colabora-em-guia-do-cebds-sobre-transicao-para-economia-de-baixo-carbono-2\/\" \/>\n<meta property=\"og:locale\" content=\"en_US\" \/>\n<meta property=\"og:type\" content=\"article\" \/>\n<meta property=\"og:title\" content=\"Guilherme J. S. Leal colabora em guia do CEBDS sobre transi\u00e7\u00e3o para economia de baixo carbono - Gra\u00e7a Couto\" \/>\n<meta property=\"og:description\" content=\"Nosso s\u00f3cio Guilherme J. S. Leal colaborou com o guia \u201cLiderando a Transi\u00e7\u00e3o para um Futuro de Baixo Carbono\u201d, que acaba de ser lan\u00e7ado pelo Conselho Empresarial Brasileiro para o Desenvolvimento Sustent\u00e1vel (CEBDS). Desenvolvida a partir do Ciclo Formativo sobre Planos de Transi\u00e7\u00e3o Corporativos, realizado em 2025, a publica\u00e7\u00e3o re\u00fane conceitos, metodologias, ferramentas e estudos [&hellip;]\" \/>\n<meta property=\"og:url\" content=\"https:\/\/www.gcouto.com.br\/guilherme-j-s-leal-colabora-em-guia-do-cebds-sobre-transicao-para-economia-de-baixo-carbono-2\/\" \/>\n<meta property=\"og:site_name\" content=\"Gra\u00e7a Couto\" \/>\n<meta property=\"article:published_time\" content=\"2025-12-18T20:13:10+00:00\" \/>\n<meta property=\"article:modified_time\" content=\"2026-03-12T20:34:15+00:00\" \/>\n<meta name=\"author\" content=\"Graca Couto\" \/>\n<meta name=\"twitter:card\" content=\"summary_large_image\" \/>\n<meta name=\"twitter:label1\" content=\"Written by\" \/>\n\t<meta name=\"twitter:data1\" content=\"Graca Couto\" \/>\n\t<meta name=\"twitter:label2\" content=\"Est. reading time\" \/>\n\t<meta name=\"twitter:data2\" content=\"1 minute\" \/>\n<script type=\"application\/ld+json\" class=\"yoast-schema-graph\">{\"@context\":\"https:\/\/schema.org\",\"@graph\":[{\"@type\":\"WebPage\",\"@id\":\"https:\/\/www.gcouto.com.br\/guilherme-j-s-leal-colabora-em-guia-do-cebds-sobre-transicao-para-economia-de-baixo-carbono-2\/\",\"url\":\"https:\/\/www.gcouto.com.br\/guilherme-j-s-leal-colabora-em-guia-do-cebds-sobre-transicao-para-economia-de-baixo-carbono-2\/\",\"name\":\"Guilherme J. S. Leal colabora em guia do CEBDS sobre transi\u00e7\u00e3o para economia de baixo carbono - Gra\u00e7a Couto\",\"isPartOf\":{\"@id\":\"https:\/\/www.gcouto.com.br\/#website\"},\"datePublished\":\"2025-12-18T20:13:10+00:00\",\"dateModified\":\"2026-03-12T20:34:15+00:00\",\"author\":{\"@id\":\"https:\/\/www.gcouto.com.br\/#\/schema\/person\/55698f93f7c21624e5fe8f0c8e595e97\"},\"breadcrumb\":{\"@id\":\"https:\/\/www.gcouto.com.br\/guilherme-j-s-leal-colabora-em-guia-do-cebds-sobre-transicao-para-economia-de-baixo-carbono-2\/#breadcrumb\"},\"inLanguage\":\"en-US\",\"potentialAction\":[{\"@type\":\"ReadAction\",\"target\":[\"https:\/\/www.gcouto.com.br\/guilherme-j-s-leal-colabora-em-guia-do-cebds-sobre-transicao-para-economia-de-baixo-carbono-2\/\"]}]},{\"@type\":\"BreadcrumbList\",\"@id\":\"https:\/\/www.gcouto.com.br\/guilherme-j-s-leal-colabora-em-guia-do-cebds-sobre-transicao-para-economia-de-baixo-carbono-2\/#breadcrumb\",\"itemListElement\":[{\"@type\":\"ListItem\",\"position\":1,\"name\":\"Home\",\"item\":\"https:\/\/www.gcouto.com.br\/en\/\"},{\"@type\":\"ListItem\",\"position\":2,\"name\":\"Guilherme J. S. Leal colabora em guia do CEBDS sobre transi\u00e7\u00e3o para economia de baixo carbono\"}]},{\"@type\":\"WebSite\",\"@id\":\"https:\/\/www.gcouto.com.br\/#website\",\"url\":\"https:\/\/www.gcouto.com.br\/\",\"name\":\"Gra\u00e7a Couto\",\"description\":\"\",\"potentialAction\":[{\"@type\":\"SearchAction\",\"target\":{\"@type\":\"EntryPoint\",\"urlTemplate\":\"https:\/\/www.gcouto.com.br\/?s={search_term_string}\"},\"query-input\":{\"@type\":\"PropertyValueSpecification\",\"valueRequired\":true,\"valueName\":\"search_term_string\"}}],\"inLanguage\":\"en-US\"},{\"@type\":\"Person\",\"@id\":\"https:\/\/www.gcouto.com.br\/#\/schema\/person\/55698f93f7c21624e5fe8f0c8e595e97\",\"name\":\"Graca Couto\",\"image\":{\"@type\":\"ImageObject\",\"inLanguage\":\"en-US\",\"@id\":\"https:\/\/www.gcouto.com.br\/#\/schema\/person\/image\/\",\"url\":\"https:\/\/secure.gravatar.com\/avatar\/00deb9dae555aa523055e24f219c2ef2e412e4cd466f64ded39f9764383e099b?s=96&d=mm&r=g\",\"contentUrl\":\"https:\/\/secure.gravatar.com\/avatar\/00deb9dae555aa523055e24f219c2ef2e412e4cd466f64ded39f9764383e099b?s=96&d=mm&r=g\",\"caption\":\"Graca Couto\"},\"url\":\"https:\/\/www.gcouto.com.br\/en\/author\/gcouto\/\"}]}<\/script>\n<!-- \/ Yoast SEO plugin. -->","yoast_head_json":{"title":"Guilherme J. S. Leal colabora em guia do CEBDS sobre transi\u00e7\u00e3o para economia de baixo carbono - Gra\u00e7a Couto","robots":{"index":"index","follow":"follow","max-snippet":"max-snippet:-1","max-image-preview":"max-image-preview:large","max-video-preview":"max-video-preview:-1"},"canonical":"https:\/\/www.gcouto.com.br\/guilherme-j-s-leal-colabora-em-guia-do-cebds-sobre-transicao-para-economia-de-baixo-carbono-2\/","og_locale":"en_US","og_type":"article","og_title":"Guilherme J. S. Leal colabora em guia do CEBDS sobre transi\u00e7\u00e3o para economia de baixo carbono - Gra\u00e7a Couto","og_description":"Nosso s\u00f3cio Guilherme J. S. Leal colaborou com o guia \u201cLiderando a Transi\u00e7\u00e3o para um Futuro de Baixo Carbono\u201d, que acaba de ser lan\u00e7ado pelo Conselho Empresarial Brasileiro para o Desenvolvimento Sustent\u00e1vel (CEBDS). Desenvolvida a partir do Ciclo Formativo sobre Planos de Transi\u00e7\u00e3o Corporativos, realizado em 2025, a publica\u00e7\u00e3o re\u00fane conceitos, metodologias, ferramentas e estudos [&hellip;]","og_url":"https:\/\/www.gcouto.com.br\/guilherme-j-s-leal-colabora-em-guia-do-cebds-sobre-transicao-para-economia-de-baixo-carbono-2\/","og_site_name":"Gra\u00e7a Couto","article_published_time":"2025-12-18T20:13:10+00:00","article_modified_time":"2026-03-12T20:34:15+00:00","author":"Graca Couto","twitter_card":"summary_large_image","twitter_misc":{"Written by":"Graca Couto","Est. reading time":"1 minute"},"schema":{"@context":"https:\/\/schema.org","@graph":[{"@type":"WebPage","@id":"https:\/\/www.gcouto.com.br\/guilherme-j-s-leal-colabora-em-guia-do-cebds-sobre-transicao-para-economia-de-baixo-carbono-2\/","url":"https:\/\/www.gcouto.com.br\/guilherme-j-s-leal-colabora-em-guia-do-cebds-sobre-transicao-para-economia-de-baixo-carbono-2\/","name":"Guilherme J. S. Leal colabora em guia do CEBDS sobre transi\u00e7\u00e3o para economia de baixo carbono - Gra\u00e7a Couto","isPartOf":{"@id":"https:\/\/www.gcouto.com.br\/#website"},"datePublished":"2025-12-18T20:13:10+00:00","dateModified":"2026-03-12T20:34:15+00:00","author":{"@id":"https:\/\/www.gcouto.com.br\/#\/schema\/person\/55698f93f7c21624e5fe8f0c8e595e97"},"breadcrumb":{"@id":"https:\/\/www.gcouto.com.br\/guilherme-j-s-leal-colabora-em-guia-do-cebds-sobre-transicao-para-economia-de-baixo-carbono-2\/#breadcrumb"},"inLanguage":"en-US","potentialAction":[{"@type":"ReadAction","target":["https:\/\/www.gcouto.com.br\/guilherme-j-s-leal-colabora-em-guia-do-cebds-sobre-transicao-para-economia-de-baixo-carbono-2\/"]}]},{"@type":"BreadcrumbList","@id":"https:\/\/www.gcouto.com.br\/guilherme-j-s-leal-colabora-em-guia-do-cebds-sobre-transicao-para-economia-de-baixo-carbono-2\/#breadcrumb","itemListElement":[{"@type":"ListItem","position":1,"name":"Home","item":"https:\/\/www.gcouto.com.br\/en\/"},{"@type":"ListItem","position":2,"name":"Guilherme J. S. Leal colabora em guia do CEBDS sobre transi\u00e7\u00e3o para economia de baixo carbono"}]},{"@type":"WebSite","@id":"https:\/\/www.gcouto.com.br\/#website","url":"https:\/\/www.gcouto.com.br\/","name":"Gra\u00e7a Couto","description":"","potentialAction":[{"@type":"SearchAction","target":{"@type":"EntryPoint","urlTemplate":"https:\/\/www.gcouto.com.br\/?s={search_term_string}"},"query-input":{"@type":"PropertyValueSpecification","valueRequired":true,"valueName":"search_term_string"}}],"inLanguage":"en-US"},{"@type":"Person","@id":"https:\/\/www.gcouto.com.br\/#\/schema\/person\/55698f93f7c21624e5fe8f0c8e595e97","name":"Graca Couto","image":{"@type":"ImageObject","inLanguage":"en-US","@id":"https:\/\/www.gcouto.com.br\/#\/schema\/person\/image\/","url":"https:\/\/secure.gravatar.com\/avatar\/00deb9dae555aa523055e24f219c2ef2e412e4cd466f64ded39f9764383e099b?s=96&d=mm&r=g","contentUrl":"https:\/\/secure.gravatar.com\/avatar\/00deb9dae555aa523055e24f219c2ef2e412e4cd466f64ded39f9764383e099b?s=96&d=mm&r=g","caption":"Graca Couto"},"url":"https:\/\/www.gcouto.com.br\/en\/author\/gcouto\/"}]}},"_links":{"self":[{"href":"https:\/\/www.gcouto.com.br\/en\/wp-json\/wp\/v2\/posts\/1431","targetHints":{"allow":["GET"]}}],"collection":[{"href":"https:\/\/www.gcouto.com.br\/en\/wp-json\/wp\/v2\/posts"}],"about":[{"href":"https:\/\/www.gcouto.com.br\/en\/wp-json\/wp\/v2\/types\/post"}],"author":[{"embeddable":true,"href":"https:\/\/www.gcouto.com.br\/en\/wp-json\/wp\/v2\/users\/3"}],"replies":[{"embeddable":true,"href":"https:\/\/www.gcouto.com.br\/en\/wp-json\/wp\/v2\/comments?post=1431"}],"version-history":[{"count":1,"href":"https:\/\/www.gcouto.com.br\/en\/wp-json\/wp\/v2\/posts\/1431\/revisions"}],"predecessor-version":[{"id":1435,"href":"https:\/\/www.gcouto.com.br\/en\/wp-json\/wp\/v2\/posts\/1431\/revisions\/1435"}],"wp:attachment":[{"href":"https:\/\/www.gcouto.com.br\/en\/wp-json\/wp\/v2\/media?parent=1431"}],"wp:term":[{"taxonomy":"category","embeddable":true,"href":"https:\/\/www.gcouto.com.br\/en\/wp-json\/wp\/v2\/categories?post=1431"},{"taxonomy":"post_tag","embeddable":true,"href":"https:\/\/www.gcouto.com.br\/en\/wp-json\/wp\/v2\/tags?post=1431"}],"curies":[{"name":"wp","href":"https:\/\/api.w.org\/{rel}","templated":true}]}}