{"id":1429,"date":"2026-02-12T15:36:40","date_gmt":"2026-02-12T18:36:40","guid":{"rendered":"https:\/\/www.gcouto.com.br\/?p=1429"},"modified":"2026-03-12T17:17:19","modified_gmt":"2026-03-12T20:17:19","slug":"guilherme-j-s-leal-colabora-em-guia-do-cebds-sobre-transicao-para-economia-de-baixo-carbono","status":"publish","type":"post","link":"https:\/\/www.gcouto.com.br\/en\/guilherme-j-s-leal-colabora-em-guia-do-cebds-sobre-transicao-para-economia-de-baixo-carbono\/","title":{"rendered":"Pedro Bicudo \u00e9 coautor de livro sobre loteamento e parcelamento do solo urbano"},"content":{"rendered":"\n<p><\/p>\n\n\n\n<p class=\"has-text-align-left\">Nosso s\u00f3cio Pedro Bicudo \u00e9 um dos coautores do livro Loteando uma gleba: dos fundamentos jur\u00eddicos aos resultados empresariais (2026), que acaba de ser lan\u00e7ado pela Editora Juspodivm, coordenado por Kelly Durazzo e Cl\u00e9o Groeninga de Almeida<br><br>A obra coletiva percorre temas ligados ao parcelamento do solo urbano, da prospec\u00e7\u00e3o da gleba pass\u00edvel de divis\u00e3o em lotes \u00e0 comercializa\u00e7\u00e3o dos terrenos e \u00e0s correspondentes estruturas de financiamento.<br><br>Os cap\u00edtulos abordam a evolu\u00e7\u00e3o do parcelamento do solo no Brasil sob perspectivas hist\u00f3rica, jur\u00eddica, ambiental e institucional e tratam de instrumentos urban\u00edsticos, tecnologia e desjudicializa\u00e7\u00e3o de procedimentos vinculados \u00e0 estrutura\u00e7\u00e3o e formaliza\u00e7\u00e3o de empreendimentos. <\/p>\n","protected":false},"excerpt":{"rendered":"<p>Nosso s\u00f3cio Pedro Bicudo \u00e9 um dos coautores do livro Loteando uma gleba: dos fundamentos jur\u00eddicos aos resultados empresariais (2026), que acaba de ser lan\u00e7ado pela Editora Juspodivm, coordenado por Kelly Durazzo e Cl\u00e9o Groeninga de Almeida A obra coletiva percorre temas ligados ao parcelamento do solo urbano, da prospec\u00e7\u00e3o da gleba pass\u00edvel de divis\u00e3o [&hellip;]<\/p>\n","protected":false},"author":3,"featured_media":0,"comment_status":"open","ping_status":"open","sticky":false,"template":"","format":"standard","meta":{"footnotes":""},"categories":[15],"tags":[],"class_list":["post-1429","post","type-post","status-publish","format-standard","hentry","category-noticias"],"yoast_head":"<!-- This site is optimized with the Yoast SEO plugin v23.4 - https:\/\/yoast.com\/wordpress\/plugins\/seo\/ -->\n<title>Pedro Bicudo \u00e9 coautor de livro sobre loteamento e parcelamento do solo urbano - Gra\u00e7a Couto<\/title>\n<meta name=\"robots\" content=\"index, follow, max-snippet:-1, max-image-preview:large, max-video-preview:-1\" \/>\n<link rel=\"canonical\" href=\"https:\/\/www.gcouto.com.br\/guilherme-j-s-leal-colabora-em-guia-do-cebds-sobre-transicao-para-economia-de-baixo-carbono\/\" \/>\n<meta property=\"og:locale\" content=\"en_US\" \/>\n<meta property=\"og:type\" content=\"article\" \/>\n<meta property=\"og:title\" content=\"Pedro Bicudo \u00e9 coautor de livro sobre loteamento e parcelamento do solo urbano - Gra\u00e7a Couto\" \/>\n<meta property=\"og:description\" content=\"Nosso s\u00f3cio Pedro Bicudo \u00e9 um dos coautores do livro Loteando uma gleba: dos fundamentos jur\u00eddicos aos resultados empresariais (2026), que acaba de ser lan\u00e7ado pela Editora Juspodivm, coordenado por Kelly Durazzo e Cl\u00e9o Groeninga de Almeida A obra coletiva percorre temas ligados ao parcelamento do solo urbano, da prospec\u00e7\u00e3o da gleba pass\u00edvel de divis\u00e3o [&hellip;]\" \/>\n<meta property=\"og:url\" content=\"https:\/\/www.gcouto.com.br\/guilherme-j-s-leal-colabora-em-guia-do-cebds-sobre-transicao-para-economia-de-baixo-carbono\/\" \/>\n<meta property=\"og:site_name\" content=\"Gra\u00e7a Couto\" \/>\n<meta property=\"article:published_time\" content=\"2026-02-12T18:36:40+00:00\" \/>\n<meta property=\"article:modified_time\" content=\"2026-03-12T20:17:19+00:00\" \/>\n<meta name=\"author\" content=\"Graca Couto\" \/>\n<meta name=\"twitter:card\" content=\"summary_large_image\" \/>\n<meta name=\"twitter:label1\" content=\"Written by\" \/>\n\t<meta name=\"twitter:data1\" content=\"Graca Couto\" \/>\n\t<meta name=\"twitter:label2\" content=\"Est. reading time\" \/>\n\t<meta name=\"twitter:data2\" content=\"1 minute\" \/>\n<script type=\"application\/ld+json\" class=\"yoast-schema-graph\">{\"@context\":\"https:\/\/schema.org\",\"@graph\":[{\"@type\":\"WebPage\",\"@id\":\"https:\/\/www.gcouto.com.br\/guilherme-j-s-leal-colabora-em-guia-do-cebds-sobre-transicao-para-economia-de-baixo-carbono\/\",\"url\":\"https:\/\/www.gcouto.com.br\/guilherme-j-s-leal-colabora-em-guia-do-cebds-sobre-transicao-para-economia-de-baixo-carbono\/\",\"name\":\"Pedro Bicudo \u00e9 coautor de livro sobre loteamento e parcelamento do solo urbano - Gra\u00e7a Couto\",\"isPartOf\":{\"@id\":\"https:\/\/www.gcouto.com.br\/#website\"},\"datePublished\":\"2026-02-12T18:36:40+00:00\",\"dateModified\":\"2026-03-12T20:17:19+00:00\",\"author\":{\"@id\":\"https:\/\/www.gcouto.com.br\/#\/schema\/person\/55698f93f7c21624e5fe8f0c8e595e97\"},\"breadcrumb\":{\"@id\":\"https:\/\/www.gcouto.com.br\/guilherme-j-s-leal-colabora-em-guia-do-cebds-sobre-transicao-para-economia-de-baixo-carbono\/#breadcrumb\"},\"inLanguage\":\"en-US\",\"potentialAction\":[{\"@type\":\"ReadAction\",\"target\":[\"https:\/\/www.gcouto.com.br\/guilherme-j-s-leal-colabora-em-guia-do-cebds-sobre-transicao-para-economia-de-baixo-carbono\/\"]}]},{\"@type\":\"BreadcrumbList\",\"@id\":\"https:\/\/www.gcouto.com.br\/guilherme-j-s-leal-colabora-em-guia-do-cebds-sobre-transicao-para-economia-de-baixo-carbono\/#breadcrumb\",\"itemListElement\":[{\"@type\":\"ListItem\",\"position\":1,\"name\":\"Home\",\"item\":\"https:\/\/www.gcouto.com.br\/en\/\"},{\"@type\":\"ListItem\",\"position\":2,\"name\":\"Pedro Bicudo \u00e9 coautor de livro sobre loteamento e parcelamento do solo urbano\"}]},{\"@type\":\"WebSite\",\"@id\":\"https:\/\/www.gcouto.com.br\/#website\",\"url\":\"https:\/\/www.gcouto.com.br\/\",\"name\":\"Gra\u00e7a Couto\",\"description\":\"\",\"potentialAction\":[{\"@type\":\"SearchAction\",\"target\":{\"@type\":\"EntryPoint\",\"urlTemplate\":\"https:\/\/www.gcouto.com.br\/?s={search_term_string}\"},\"query-input\":{\"@type\":\"PropertyValueSpecification\",\"valueRequired\":true,\"valueName\":\"search_term_string\"}}],\"inLanguage\":\"en-US\"},{\"@type\":\"Person\",\"@id\":\"https:\/\/www.gcouto.com.br\/#\/schema\/person\/55698f93f7c21624e5fe8f0c8e595e97\",\"name\":\"Graca Couto\",\"image\":{\"@type\":\"ImageObject\",\"inLanguage\":\"en-US\",\"@id\":\"https:\/\/www.gcouto.com.br\/#\/schema\/person\/image\/\",\"url\":\"https:\/\/secure.gravatar.com\/avatar\/00deb9dae555aa523055e24f219c2ef2e412e4cd466f64ded39f9764383e099b?s=96&d=mm&r=g\",\"contentUrl\":\"https:\/\/secure.gravatar.com\/avatar\/00deb9dae555aa523055e24f219c2ef2e412e4cd466f64ded39f9764383e099b?s=96&d=mm&r=g\",\"caption\":\"Graca Couto\"},\"url\":\"https:\/\/www.gcouto.com.br\/en\/author\/gcouto\/\"}]}<\/script>\n<!-- \/ Yoast SEO plugin. -->","yoast_head_json":{"title":"Pedro Bicudo \u00e9 coautor de livro sobre loteamento e parcelamento do solo urbano - Gra\u00e7a Couto","robots":{"index":"index","follow":"follow","max-snippet":"max-snippet:-1","max-image-preview":"max-image-preview:large","max-video-preview":"max-video-preview:-1"},"canonical":"https:\/\/www.gcouto.com.br\/guilherme-j-s-leal-colabora-em-guia-do-cebds-sobre-transicao-para-economia-de-baixo-carbono\/","og_locale":"en_US","og_type":"article","og_title":"Pedro Bicudo \u00e9 coautor de livro sobre loteamento e parcelamento do solo urbano - Gra\u00e7a Couto","og_description":"Nosso s\u00f3cio Pedro Bicudo \u00e9 um dos coautores do livro Loteando uma gleba: dos fundamentos jur\u00eddicos aos resultados empresariais (2026), que acaba de ser lan\u00e7ado pela Editora Juspodivm, coordenado por Kelly Durazzo e Cl\u00e9o Groeninga de Almeida A obra coletiva percorre temas ligados ao parcelamento do solo urbano, da prospec\u00e7\u00e3o da gleba pass\u00edvel de divis\u00e3o [&hellip;]","og_url":"https:\/\/www.gcouto.com.br\/guilherme-j-s-leal-colabora-em-guia-do-cebds-sobre-transicao-para-economia-de-baixo-carbono\/","og_site_name":"Gra\u00e7a Couto","article_published_time":"2026-02-12T18:36:40+00:00","article_modified_time":"2026-03-12T20:17:19+00:00","author":"Graca Couto","twitter_card":"summary_large_image","twitter_misc":{"Written by":"Graca Couto","Est. reading time":"1 minute"},"schema":{"@context":"https:\/\/schema.org","@graph":[{"@type":"WebPage","@id":"https:\/\/www.gcouto.com.br\/guilherme-j-s-leal-colabora-em-guia-do-cebds-sobre-transicao-para-economia-de-baixo-carbono\/","url":"https:\/\/www.gcouto.com.br\/guilherme-j-s-leal-colabora-em-guia-do-cebds-sobre-transicao-para-economia-de-baixo-carbono\/","name":"Pedro Bicudo \u00e9 coautor de livro sobre loteamento e parcelamento do solo urbano - Gra\u00e7a Couto","isPartOf":{"@id":"https:\/\/www.gcouto.com.br\/#website"},"datePublished":"2026-02-12T18:36:40+00:00","dateModified":"2026-03-12T20:17:19+00:00","author":{"@id":"https:\/\/www.gcouto.com.br\/#\/schema\/person\/55698f93f7c21624e5fe8f0c8e595e97"},"breadcrumb":{"@id":"https:\/\/www.gcouto.com.br\/guilherme-j-s-leal-colabora-em-guia-do-cebds-sobre-transicao-para-economia-de-baixo-carbono\/#breadcrumb"},"inLanguage":"en-US","potentialAction":[{"@type":"ReadAction","target":["https:\/\/www.gcouto.com.br\/guilherme-j-s-leal-colabora-em-guia-do-cebds-sobre-transicao-para-economia-de-baixo-carbono\/"]}]},{"@type":"BreadcrumbList","@id":"https:\/\/www.gcouto.com.br\/guilherme-j-s-leal-colabora-em-guia-do-cebds-sobre-transicao-para-economia-de-baixo-carbono\/#breadcrumb","itemListElement":[{"@type":"ListItem","position":1,"name":"Home","item":"https:\/\/www.gcouto.com.br\/en\/"},{"@type":"ListItem","position":2,"name":"Pedro Bicudo \u00e9 coautor de livro sobre loteamento e parcelamento do solo urbano"}]},{"@type":"WebSite","@id":"https:\/\/www.gcouto.com.br\/#website","url":"https:\/\/www.gcouto.com.br\/","name":"Gra\u00e7a Couto","description":"","potentialAction":[{"@type":"SearchAction","target":{"@type":"EntryPoint","urlTemplate":"https:\/\/www.gcouto.com.br\/?s={search_term_string}"},"query-input":{"@type":"PropertyValueSpecification","valueRequired":true,"valueName":"search_term_string"}}],"inLanguage":"en-US"},{"@type":"Person","@id":"https:\/\/www.gcouto.com.br\/#\/schema\/person\/55698f93f7c21624e5fe8f0c8e595e97","name":"Graca Couto","image":{"@type":"ImageObject","inLanguage":"en-US","@id":"https:\/\/www.gcouto.com.br\/#\/schema\/person\/image\/","url":"https:\/\/secure.gravatar.com\/avatar\/00deb9dae555aa523055e24f219c2ef2e412e4cd466f64ded39f9764383e099b?s=96&d=mm&r=g","contentUrl":"https:\/\/secure.gravatar.com\/avatar\/00deb9dae555aa523055e24f219c2ef2e412e4cd466f64ded39f9764383e099b?s=96&d=mm&r=g","caption":"Graca Couto"},"url":"https:\/\/www.gcouto.com.br\/en\/author\/gcouto\/"}]}},"_links":{"self":[{"href":"https:\/\/www.gcouto.com.br\/en\/wp-json\/wp\/v2\/posts\/1429","targetHints":{"allow":["GET"]}}],"collection":[{"href":"https:\/\/www.gcouto.com.br\/en\/wp-json\/wp\/v2\/posts"}],"about":[{"href":"https:\/\/www.gcouto.com.br\/en\/wp-json\/wp\/v2\/types\/post"}],"author":[{"embeddable":true,"href":"https:\/\/www.gcouto.com.br\/en\/wp-json\/wp\/v2\/users\/3"}],"replies":[{"embeddable":true,"href":"https:\/\/www.gcouto.com.br\/en\/wp-json\/wp\/v2\/comments?post=1429"}],"version-history":[{"count":2,"href":"https:\/\/www.gcouto.com.br\/en\/wp-json\/wp\/v2\/posts\/1429\/revisions"}],"predecessor-version":[{"id":1432,"href":"https:\/\/www.gcouto.com.br\/en\/wp-json\/wp\/v2\/posts\/1429\/revisions\/1432"}],"wp:attachment":[{"href":"https:\/\/www.gcouto.com.br\/en\/wp-json\/wp\/v2\/media?parent=1429"}],"wp:term":[{"taxonomy":"category","embeddable":true,"href":"https:\/\/www.gcouto.com.br\/en\/wp-json\/wp\/v2\/categories?post=1429"},{"taxonomy":"post_tag","embeddable":true,"href":"https:\/\/www.gcouto.com.br\/en\/wp-json\/wp\/v2\/tags?post=1429"}],"curies":[{"name":"wp","href":"https:\/\/api.w.org\/{rel}","templated":true}]}}