{"id":1426,"date":"2025-12-09T15:29:57","date_gmt":"2025-12-09T18:29:57","guid":{"rendered":"https:\/\/www.gcouto.com.br\/?p=1426"},"modified":"2026-03-12T15:31:05","modified_gmt":"2026-03-12T18:31:05","slug":"o-globo-derrubada-de-vetos-ao-novo-licenciamento-ambiental-e-tema-de-entrevista-com-oscar-graca-couto-2","status":"publish","type":"post","link":"https:\/\/www.gcouto.com.br\/en\/o-globo-derrubada-de-vetos-ao-novo-licenciamento-ambiental-e-tema-de-entrevista-com-oscar-graca-couto-2\/","title":{"rendered":"Informe: Investimentos Clim\u00e1ticos e Transforma\u00e7\u00e3o Ecol\u00f3gica Portaria Conjunta 20\/25"},"content":{"rendered":"\n<p><\/p>\n\n\n\n<p class=\"has-text-align-left\">Foi publicada hoje a&nbsp;Portaria&nbsp;Conjunta&nbsp;MF\/MDIC\/MMA\/MME\/BNDES&nbsp;20\/25, que institui a Plataforma Brasil de Investimentos Clim\u00e1ticos e para a Transforma\u00e7\u00e3o Ecol\u00f3gica.<\/p>\n\n\n\n<p>(<a rel=\"noreferrer noopener\" target=\"_blank\" href=\"https:\/\/www.in.gov.br\/web\/dou\/-\/portaria-conjunta-mf\/mdic\/mma\/mme\/bndes-n-20-de-28-de-outubro-de-2025-672676083\">https:\/\/www.in.gov.br\/web\/dou\/-\/portaria-conjunta-mf\/mdic\/mma\/mme\/bndes-n-20-de-28-de-outubro-de-2025-672676083<\/a>).<\/p>\n\n\n\n<p><strong>Empresas com iniciativas \u2013 ou responsabilidades \u2013 no plano ambiental-clim\u00e1tico talvez possam se beneficiar do quanto proposto pelo Governo.<\/strong><\/p>\n\n\n\n<p>A Plataforma tem a finalidade de \u201c<em>fomentar a mobiliza\u00e7\u00e3o de recursos financeiros para apoiar projetos de mitiga\u00e7\u00e3o de gases de efeito estufa (GEE) e adapta\u00e7\u00e3o aos impactos adversos da mudan\u00e7a do clima, adensamento tecnol\u00f3gico e transforma\u00e7\u00e3o ecol\u00f3gica, com foco na atra\u00e7\u00e3o de investimentos, amplia\u00e7\u00e3o do financiamento e mitiga\u00e7\u00e3o de riscos financeiros\u201d<\/em>.<\/p>\n\n\n\n<p>Os principais&nbsp;<strong><u>objetivos<\/u><\/strong>&nbsp;da Plataforma s\u00e3o:<\/p>\n\n\n\n<p>i) mobilizar recursos financeiros, p\u00fablicos e privados, nacionais e internacionais, para viabilizar projetos priorit\u00e1rios relacionados&nbsp;<strong>(a)<\/strong>&nbsp;\u00e0 transforma\u00e7\u00e3o ecol\u00f3gica,&nbsp;<strong>(b)<\/strong>\u00e0 transi\u00e7\u00e3o energ\u00e9tica,&nbsp;<strong>(c)<\/strong>&nbsp;\u00e0 neoindustrializa\u00e7\u00e3o,&nbsp;<strong>(d)<\/strong>&nbsp;\u00e0 bioeconomia,&nbsp;<strong>(e)<\/strong>&nbsp;\u00e0 redu\u00e7\u00e3o do desmatamento,&nbsp;<strong>(f)<\/strong>&nbsp;\u00e0 recupera\u00e7\u00e3o da vegeta\u00e7\u00e3o nativa,&nbsp;<strong>(g)<\/strong>&nbsp;ao desenvolvimento socioecon\u00f4mico, e&nbsp;<strong>(h)<\/strong>&nbsp;\u00e0 mitiga\u00e7\u00e3o e adapta\u00e7\u00e3o \u00e0 mudan\u00e7a do clima no Brasil;<\/p>\n\n\n\n<p>(ii) articular institui\u00e7\u00f5es financeiras nacionais e internacionais, o setor privado, a sociedade civil e os doadores;<\/p>\n\n\n\n<p>(iii) contribuir para a execu\u00e7\u00e3o dos planos de desenvolvimento sustent\u00e1vel, das NDCs e de outras metas clim\u00e1ticas e setoriais;<\/p>\n\n\n\n<p>(vi) fomentar a participa\u00e7\u00e3o do setor privado no financiamento e implementa\u00e7\u00e3o de projetos clim\u00e1ticos e de transforma\u00e7\u00e3o ecol\u00f3gica, com o compartilhamento de projetos a serem financiados nos setores priorit\u00e1rios, mecanismos de compartilhamento de riscos e financiamento misto.<\/p>\n\n\n\n<p>Foi criado tamb\u00e9m um Comit\u00ea Gestor, presidido pelo Secret\u00e1rio de Assuntos Internacionais do Minist\u00e9rio da Fazenda, que coordenar\u00e1 as atividades da Plataforma<\/p>\n\n\n\n<p>Promovida pelos Minist\u00e9rios da&nbsp;Fazenda; do&nbsp;Desenvolvimento, Ind\u00fastria, Com\u00e9rcio e Servi\u00e7os; do&nbsp;Meio Ambiente&nbsp;e das&nbsp;Minas e Energia&nbsp;e pelo&nbsp;BNDES, a iniciativa busca integrar aspectos econ\u00f4micos e ambientais, e viabilizar o aporte de recursos em projetos de repercuss\u00e3o clim\u00e1tica, de interesse do pa\u00eds e do setor produtivo.<\/p>\n\n\n\n<p class=\"has-text-align-left\">Para muitas empresas, a Plataforma pode viabilizar iniciativas interessantes sob muitas perspectivas, inclusive jur\u00eddicas.<\/p>\n\n\n\n<p><\/p>\n","protected":false},"excerpt":{"rendered":"<p>Foi publicada hoje a&nbsp;Portaria&nbsp;Conjunta&nbsp;MF\/MDIC\/MMA\/MME\/BNDES&nbsp;20\/25, que institui a Plataforma Brasil de Investimentos Clim\u00e1ticos e para a Transforma\u00e7\u00e3o Ecol\u00f3gica. (https:\/\/www.in.gov.br\/web\/dou\/-\/portaria-conjunta-mf\/mdic\/mma\/mme\/bndes-n-20-de-28-de-outubro-de-2025-672676083). Empresas com iniciativas \u2013 ou responsabilidades \u2013 no plano ambiental-clim\u00e1tico talvez possam se beneficiar do quanto proposto pelo Governo. A Plataforma tem a finalidade de \u201cfomentar a mobiliza\u00e7\u00e3o de recursos financeiros para apoiar projetos de mitiga\u00e7\u00e3o de [&hellip;]<\/p>\n","protected":false},"author":3,"featured_media":0,"comment_status":"open","ping_status":"open","sticky":false,"template":"","format":"standard","meta":{"footnotes":""},"categories":[34,15],"tags":[],"class_list":["post-1426","post","type-post","status-publish","format-standard","hentry","category-informes","category-noticias"],"yoast_head":"<!-- This site is optimized with the Yoast SEO plugin v23.4 - https:\/\/yoast.com\/wordpress\/plugins\/seo\/ -->\n<title>Informe: Investimentos Clim\u00e1ticos e Transforma\u00e7\u00e3o Ecol\u00f3gica Portaria Conjunta 20\/25 - Gra\u00e7a Couto<\/title>\n<meta name=\"robots\" content=\"index, follow, max-snippet:-1, max-image-preview:large, max-video-preview:-1\" \/>\n<link rel=\"canonical\" href=\"https:\/\/www.gcouto.com.br\/o-globo-derrubada-de-vetos-ao-novo-licenciamento-ambiental-e-tema-de-entrevista-com-oscar-graca-couto-2\/\" \/>\n<meta property=\"og:locale\" content=\"en_US\" \/>\n<meta property=\"og:type\" content=\"article\" \/>\n<meta property=\"og:title\" content=\"Informe: Investimentos Clim\u00e1ticos e Transforma\u00e7\u00e3o Ecol\u00f3gica Portaria Conjunta 20\/25 - Gra\u00e7a Couto\" \/>\n<meta property=\"og:description\" content=\"Foi publicada hoje a&nbsp;Portaria&nbsp;Conjunta&nbsp;MF\/MDIC\/MMA\/MME\/BNDES&nbsp;20\/25, que institui a Plataforma Brasil de Investimentos Clim\u00e1ticos e para a Transforma\u00e7\u00e3o Ecol\u00f3gica. (https:\/\/www.in.gov.br\/web\/dou\/-\/portaria-conjunta-mf\/mdic\/mma\/mme\/bndes-n-20-de-28-de-outubro-de-2025-672676083). Empresas com iniciativas \u2013 ou responsabilidades \u2013 no plano ambiental-clim\u00e1tico talvez possam se beneficiar do quanto proposto pelo Governo. A Plataforma tem a finalidade de \u201cfomentar a mobiliza\u00e7\u00e3o de recursos financeiros para apoiar projetos de mitiga\u00e7\u00e3o de [&hellip;]\" \/>\n<meta property=\"og:url\" content=\"https:\/\/www.gcouto.com.br\/o-globo-derrubada-de-vetos-ao-novo-licenciamento-ambiental-e-tema-de-entrevista-com-oscar-graca-couto-2\/\" \/>\n<meta property=\"og:site_name\" content=\"Gra\u00e7a Couto\" \/>\n<meta property=\"article:published_time\" content=\"2025-12-09T18:29:57+00:00\" \/>\n<meta property=\"article:modified_time\" content=\"2026-03-12T18:31:05+00:00\" \/>\n<meta name=\"author\" content=\"Graca Couto\" \/>\n<meta name=\"twitter:card\" content=\"summary_large_image\" \/>\n<meta name=\"twitter:label1\" content=\"Written by\" \/>\n\t<meta name=\"twitter:data1\" content=\"Graca Couto\" \/>\n\t<meta name=\"twitter:label2\" content=\"Est. reading time\" \/>\n\t<meta name=\"twitter:data2\" content=\"2 minutes\" \/>\n<script type=\"application\/ld+json\" class=\"yoast-schema-graph\">{\"@context\":\"https:\/\/schema.org\",\"@graph\":[{\"@type\":\"WebPage\",\"@id\":\"https:\/\/www.gcouto.com.br\/o-globo-derrubada-de-vetos-ao-novo-licenciamento-ambiental-e-tema-de-entrevista-com-oscar-graca-couto-2\/\",\"url\":\"https:\/\/www.gcouto.com.br\/o-globo-derrubada-de-vetos-ao-novo-licenciamento-ambiental-e-tema-de-entrevista-com-oscar-graca-couto-2\/\",\"name\":\"Informe: Investimentos Clim\u00e1ticos e Transforma\u00e7\u00e3o Ecol\u00f3gica Portaria Conjunta 20\/25 - Gra\u00e7a Couto\",\"isPartOf\":{\"@id\":\"https:\/\/www.gcouto.com.br\/#website\"},\"datePublished\":\"2025-12-09T18:29:57+00:00\",\"dateModified\":\"2026-03-12T18:31:05+00:00\",\"author\":{\"@id\":\"https:\/\/www.gcouto.com.br\/#\/schema\/person\/55698f93f7c21624e5fe8f0c8e595e97\"},\"breadcrumb\":{\"@id\":\"https:\/\/www.gcouto.com.br\/o-globo-derrubada-de-vetos-ao-novo-licenciamento-ambiental-e-tema-de-entrevista-com-oscar-graca-couto-2\/#breadcrumb\"},\"inLanguage\":\"en-US\",\"potentialAction\":[{\"@type\":\"ReadAction\",\"target\":[\"https:\/\/www.gcouto.com.br\/o-globo-derrubada-de-vetos-ao-novo-licenciamento-ambiental-e-tema-de-entrevista-com-oscar-graca-couto-2\/\"]}]},{\"@type\":\"BreadcrumbList\",\"@id\":\"https:\/\/www.gcouto.com.br\/o-globo-derrubada-de-vetos-ao-novo-licenciamento-ambiental-e-tema-de-entrevista-com-oscar-graca-couto-2\/#breadcrumb\",\"itemListElement\":[{\"@type\":\"ListItem\",\"position\":1,\"name\":\"Home\",\"item\":\"https:\/\/www.gcouto.com.br\/en\/\"},{\"@type\":\"ListItem\",\"position\":2,\"name\":\"Informe: Investimentos Clim\u00e1ticos e Transforma\u00e7\u00e3o Ecol\u00f3gica Portaria Conjunta 20\/25\"}]},{\"@type\":\"WebSite\",\"@id\":\"https:\/\/www.gcouto.com.br\/#website\",\"url\":\"https:\/\/www.gcouto.com.br\/\",\"name\":\"Gra\u00e7a Couto\",\"description\":\"\",\"potentialAction\":[{\"@type\":\"SearchAction\",\"target\":{\"@type\":\"EntryPoint\",\"urlTemplate\":\"https:\/\/www.gcouto.com.br\/?s={search_term_string}\"},\"query-input\":{\"@type\":\"PropertyValueSpecification\",\"valueRequired\":true,\"valueName\":\"search_term_string\"}}],\"inLanguage\":\"en-US\"},{\"@type\":\"Person\",\"@id\":\"https:\/\/www.gcouto.com.br\/#\/schema\/person\/55698f93f7c21624e5fe8f0c8e595e97\",\"name\":\"Graca Couto\",\"image\":{\"@type\":\"ImageObject\",\"inLanguage\":\"en-US\",\"@id\":\"https:\/\/www.gcouto.com.br\/#\/schema\/person\/image\/\",\"url\":\"https:\/\/secure.gravatar.com\/avatar\/00deb9dae555aa523055e24f219c2ef2e412e4cd466f64ded39f9764383e099b?s=96&d=mm&r=g\",\"contentUrl\":\"https:\/\/secure.gravatar.com\/avatar\/00deb9dae555aa523055e24f219c2ef2e412e4cd466f64ded39f9764383e099b?s=96&d=mm&r=g\",\"caption\":\"Graca Couto\"},\"url\":\"https:\/\/www.gcouto.com.br\/en\/author\/gcouto\/\"}]}<\/script>\n<!-- \/ Yoast SEO plugin. -->","yoast_head_json":{"title":"Informe: Investimentos Clim\u00e1ticos e Transforma\u00e7\u00e3o Ecol\u00f3gica Portaria Conjunta 20\/25 - Gra\u00e7a Couto","robots":{"index":"index","follow":"follow","max-snippet":"max-snippet:-1","max-image-preview":"max-image-preview:large","max-video-preview":"max-video-preview:-1"},"canonical":"https:\/\/www.gcouto.com.br\/o-globo-derrubada-de-vetos-ao-novo-licenciamento-ambiental-e-tema-de-entrevista-com-oscar-graca-couto-2\/","og_locale":"en_US","og_type":"article","og_title":"Informe: Investimentos Clim\u00e1ticos e Transforma\u00e7\u00e3o Ecol\u00f3gica Portaria Conjunta 20\/25 - Gra\u00e7a Couto","og_description":"Foi publicada hoje a&nbsp;Portaria&nbsp;Conjunta&nbsp;MF\/MDIC\/MMA\/MME\/BNDES&nbsp;20\/25, que institui a Plataforma Brasil de Investimentos Clim\u00e1ticos e para a Transforma\u00e7\u00e3o Ecol\u00f3gica. (https:\/\/www.in.gov.br\/web\/dou\/-\/portaria-conjunta-mf\/mdic\/mma\/mme\/bndes-n-20-de-28-de-outubro-de-2025-672676083). Empresas com iniciativas \u2013 ou responsabilidades \u2013 no plano ambiental-clim\u00e1tico talvez possam se beneficiar do quanto proposto pelo Governo. A Plataforma tem a finalidade de \u201cfomentar a mobiliza\u00e7\u00e3o de recursos financeiros para apoiar projetos de mitiga\u00e7\u00e3o de [&hellip;]","og_url":"https:\/\/www.gcouto.com.br\/o-globo-derrubada-de-vetos-ao-novo-licenciamento-ambiental-e-tema-de-entrevista-com-oscar-graca-couto-2\/","og_site_name":"Gra\u00e7a Couto","article_published_time":"2025-12-09T18:29:57+00:00","article_modified_time":"2026-03-12T18:31:05+00:00","author":"Graca Couto","twitter_card":"summary_large_image","twitter_misc":{"Written by":"Graca Couto","Est. reading time":"2 minutes"},"schema":{"@context":"https:\/\/schema.org","@graph":[{"@type":"WebPage","@id":"https:\/\/www.gcouto.com.br\/o-globo-derrubada-de-vetos-ao-novo-licenciamento-ambiental-e-tema-de-entrevista-com-oscar-graca-couto-2\/","url":"https:\/\/www.gcouto.com.br\/o-globo-derrubada-de-vetos-ao-novo-licenciamento-ambiental-e-tema-de-entrevista-com-oscar-graca-couto-2\/","name":"Informe: Investimentos Clim\u00e1ticos e Transforma\u00e7\u00e3o Ecol\u00f3gica Portaria Conjunta 20\/25 - Gra\u00e7a Couto","isPartOf":{"@id":"https:\/\/www.gcouto.com.br\/#website"},"datePublished":"2025-12-09T18:29:57+00:00","dateModified":"2026-03-12T18:31:05+00:00","author":{"@id":"https:\/\/www.gcouto.com.br\/#\/schema\/person\/55698f93f7c21624e5fe8f0c8e595e97"},"breadcrumb":{"@id":"https:\/\/www.gcouto.com.br\/o-globo-derrubada-de-vetos-ao-novo-licenciamento-ambiental-e-tema-de-entrevista-com-oscar-graca-couto-2\/#breadcrumb"},"inLanguage":"en-US","potentialAction":[{"@type":"ReadAction","target":["https:\/\/www.gcouto.com.br\/o-globo-derrubada-de-vetos-ao-novo-licenciamento-ambiental-e-tema-de-entrevista-com-oscar-graca-couto-2\/"]}]},{"@type":"BreadcrumbList","@id":"https:\/\/www.gcouto.com.br\/o-globo-derrubada-de-vetos-ao-novo-licenciamento-ambiental-e-tema-de-entrevista-com-oscar-graca-couto-2\/#breadcrumb","itemListElement":[{"@type":"ListItem","position":1,"name":"Home","item":"https:\/\/www.gcouto.com.br\/en\/"},{"@type":"ListItem","position":2,"name":"Informe: Investimentos Clim\u00e1ticos e Transforma\u00e7\u00e3o Ecol\u00f3gica Portaria Conjunta 20\/25"}]},{"@type":"WebSite","@id":"https:\/\/www.gcouto.com.br\/#website","url":"https:\/\/www.gcouto.com.br\/","name":"Gra\u00e7a Couto","description":"","potentialAction":[{"@type":"SearchAction","target":{"@type":"EntryPoint","urlTemplate":"https:\/\/www.gcouto.com.br\/?s={search_term_string}"},"query-input":{"@type":"PropertyValueSpecification","valueRequired":true,"valueName":"search_term_string"}}],"inLanguage":"en-US"},{"@type":"Person","@id":"https:\/\/www.gcouto.com.br\/#\/schema\/person\/55698f93f7c21624e5fe8f0c8e595e97","name":"Graca Couto","image":{"@type":"ImageObject","inLanguage":"en-US","@id":"https:\/\/www.gcouto.com.br\/#\/schema\/person\/image\/","url":"https:\/\/secure.gravatar.com\/avatar\/00deb9dae555aa523055e24f219c2ef2e412e4cd466f64ded39f9764383e099b?s=96&d=mm&r=g","contentUrl":"https:\/\/secure.gravatar.com\/avatar\/00deb9dae555aa523055e24f219c2ef2e412e4cd466f64ded39f9764383e099b?s=96&d=mm&r=g","caption":"Graca Couto"},"url":"https:\/\/www.gcouto.com.br\/en\/author\/gcouto\/"}]}},"_links":{"self":[{"href":"https:\/\/www.gcouto.com.br\/en\/wp-json\/wp\/v2\/posts\/1426","targetHints":{"allow":["GET"]}}],"collection":[{"href":"https:\/\/www.gcouto.com.br\/en\/wp-json\/wp\/v2\/posts"}],"about":[{"href":"https:\/\/www.gcouto.com.br\/en\/wp-json\/wp\/v2\/types\/post"}],"author":[{"embeddable":true,"href":"https:\/\/www.gcouto.com.br\/en\/wp-json\/wp\/v2\/users\/3"}],"replies":[{"embeddable":true,"href":"https:\/\/www.gcouto.com.br\/en\/wp-json\/wp\/v2\/comments?post=1426"}],"version-history":[{"count":2,"href":"https:\/\/www.gcouto.com.br\/en\/wp-json\/wp\/v2\/posts\/1426\/revisions"}],"predecessor-version":[{"id":1428,"href":"https:\/\/www.gcouto.com.br\/en\/wp-json\/wp\/v2\/posts\/1426\/revisions\/1428"}],"wp:attachment":[{"href":"https:\/\/www.gcouto.com.br\/en\/wp-json\/wp\/v2\/media?parent=1426"}],"wp:term":[{"taxonomy":"category","embeddable":true,"href":"https:\/\/www.gcouto.com.br\/en\/wp-json\/wp\/v2\/categories?post=1426"},{"taxonomy":"post_tag","embeddable":true,"href":"https:\/\/www.gcouto.com.br\/en\/wp-json\/wp\/v2\/tags?post=1426"}],"curies":[{"name":"wp","href":"https:\/\/api.w.org\/{rel}","templated":true}]}}