{"id":1424,"date":"2025-12-04T15:25:25","date_gmt":"2025-12-04T18:25:25","guid":{"rendered":"https:\/\/www.gcouto.com.br\/?p=1424"},"modified":"2026-03-13T12:01:46","modified_gmt":"2026-03-13T15:01:46","slug":"o-globo-derrubada-de-vetos-ao-novo-licenciamento-ambiental-e-tema-de-entrevista-com-oscar-graca-couto","status":"publish","type":"post","link":"https:\/\/www.gcouto.com.br\/en\/o-globo-derrubada-de-vetos-ao-novo-licenciamento-ambiental-e-tema-de-entrevista-com-oscar-graca-couto\/","title":{"rendered":"O Globo: Oscar Gra\u00e7a Couto comenta derrubada de vetos ao Novo Licenciamento Ambiental"},"content":{"rendered":"\n<p><\/p>\n\n\n\n<p class=\"has-text-align-left\">Nosso s\u00f3cio Oscar Gra\u00e7a Couto comentou, em entrevista a O Globo, a derrubada dos vetos ao Novo Licenciamento Ambiental. Na reportagem, o s\u00f3cio afirma que a medida traz \u201caumento da inseguran\u00e7a jur\u00eddica\u201d e detalha os fundamentos que podem levar \u00e0 contesta\u00e7\u00e3o da norma:<br><br>\u201cA derrubada de vetos certamente resultar\u00e1 na judicializa\u00e7\u00e3o do tema. Muitos dos trechos rejeitados tinham por fundamento posi\u00e7\u00f5es consolidadas do Supremo, que veda a \u2018prote\u00e7\u00e3o insuficiente do meio ambiente\u2019.<br><br>O que tende a ser alegado nos tribunais \u00e9 que, com a derrubada dos vetos, a lei, nas suas fei\u00e7\u00f5es finais, n\u00e3o garantiria prote\u00e7\u00e3o adequada ao meio ambiente e \u00e0 coletividade, nos termos impostos pela Constitui\u00e7\u00e3o.\u201d<\/p>\n\n\n\n<p><\/p>\n","protected":false},"excerpt":{"rendered":"<p>Nosso s\u00f3cio Oscar Gra\u00e7a Couto comentou, em entrevista a O Globo, a derrubada dos vetos ao Novo Licenciamento Ambiental. Na reportagem, o s\u00f3cio afirma que a medida traz \u201caumento da inseguran\u00e7a jur\u00eddica\u201d e detalha os fundamentos que podem levar \u00e0 contesta\u00e7\u00e3o da norma: \u201cA derrubada de vetos certamente resultar\u00e1 na judicializa\u00e7\u00e3o do tema. Muitos dos [&hellip;]<\/p>\n","protected":false},"author":3,"featured_media":0,"comment_status":"open","ping_status":"open","sticky":false,"template":"","format":"standard","meta":{"footnotes":""},"categories":[14,15],"tags":[],"class_list":["post-1424","post","type-post","status-publish","format-standard","hentry","category-na-midia","category-noticias"],"yoast_head":"<!-- This site is optimized with the Yoast SEO plugin v23.4 - https:\/\/yoast.com\/wordpress\/plugins\/seo\/ -->\n<title>O Globo: Oscar Gra\u00e7a Couto comenta derrubada de vetos ao Novo Licenciamento Ambiental - Gra\u00e7a Couto<\/title>\n<meta name=\"robots\" content=\"index, follow, max-snippet:-1, max-image-preview:large, max-video-preview:-1\" \/>\n<link rel=\"canonical\" href=\"https:\/\/www.gcouto.com.br\/o-globo-derrubada-de-vetos-ao-novo-licenciamento-ambiental-e-tema-de-entrevista-com-oscar-graca-couto\/\" \/>\n<meta property=\"og:locale\" content=\"en_US\" \/>\n<meta property=\"og:type\" content=\"article\" \/>\n<meta property=\"og:title\" content=\"O Globo: Oscar Gra\u00e7a Couto comenta derrubada de vetos ao Novo Licenciamento Ambiental - Gra\u00e7a Couto\" \/>\n<meta property=\"og:description\" content=\"Nosso s\u00f3cio Oscar Gra\u00e7a Couto comentou, em entrevista a O Globo, a derrubada dos vetos ao Novo Licenciamento Ambiental. Na reportagem, o s\u00f3cio afirma que a medida traz \u201caumento da inseguran\u00e7a jur\u00eddica\u201d e detalha os fundamentos que podem levar \u00e0 contesta\u00e7\u00e3o da norma: \u201cA derrubada de vetos certamente resultar\u00e1 na judicializa\u00e7\u00e3o do tema. Muitos dos [&hellip;]\" \/>\n<meta property=\"og:url\" content=\"https:\/\/www.gcouto.com.br\/o-globo-derrubada-de-vetos-ao-novo-licenciamento-ambiental-e-tema-de-entrevista-com-oscar-graca-couto\/\" \/>\n<meta property=\"og:site_name\" content=\"Gra\u00e7a Couto\" \/>\n<meta property=\"article:published_time\" content=\"2025-12-04T18:25:25+00:00\" \/>\n<meta property=\"article:modified_time\" content=\"2026-03-13T15:01:46+00:00\" \/>\n<meta name=\"author\" content=\"Graca Couto\" \/>\n<meta name=\"twitter:card\" content=\"summary_large_image\" \/>\n<meta name=\"twitter:label1\" content=\"Written by\" \/>\n\t<meta name=\"twitter:data1\" content=\"Graca Couto\" \/>\n\t<meta name=\"twitter:label2\" content=\"Est. reading time\" \/>\n\t<meta name=\"twitter:data2\" content=\"1 minute\" \/>\n<script type=\"application\/ld+json\" class=\"yoast-schema-graph\">{\"@context\":\"https:\/\/schema.org\",\"@graph\":[{\"@type\":\"WebPage\",\"@id\":\"https:\/\/www.gcouto.com.br\/o-globo-derrubada-de-vetos-ao-novo-licenciamento-ambiental-e-tema-de-entrevista-com-oscar-graca-couto\/\",\"url\":\"https:\/\/www.gcouto.com.br\/o-globo-derrubada-de-vetos-ao-novo-licenciamento-ambiental-e-tema-de-entrevista-com-oscar-graca-couto\/\",\"name\":\"O Globo: Oscar Gra\u00e7a Couto comenta derrubada de vetos ao Novo Licenciamento Ambiental - Gra\u00e7a Couto\",\"isPartOf\":{\"@id\":\"https:\/\/www.gcouto.com.br\/#website\"},\"datePublished\":\"2025-12-04T18:25:25+00:00\",\"dateModified\":\"2026-03-13T15:01:46+00:00\",\"author\":{\"@id\":\"https:\/\/www.gcouto.com.br\/#\/schema\/person\/55698f93f7c21624e5fe8f0c8e595e97\"},\"breadcrumb\":{\"@id\":\"https:\/\/www.gcouto.com.br\/o-globo-derrubada-de-vetos-ao-novo-licenciamento-ambiental-e-tema-de-entrevista-com-oscar-graca-couto\/#breadcrumb\"},\"inLanguage\":\"en-US\",\"potentialAction\":[{\"@type\":\"ReadAction\",\"target\":[\"https:\/\/www.gcouto.com.br\/o-globo-derrubada-de-vetos-ao-novo-licenciamento-ambiental-e-tema-de-entrevista-com-oscar-graca-couto\/\"]}]},{\"@type\":\"BreadcrumbList\",\"@id\":\"https:\/\/www.gcouto.com.br\/o-globo-derrubada-de-vetos-ao-novo-licenciamento-ambiental-e-tema-de-entrevista-com-oscar-graca-couto\/#breadcrumb\",\"itemListElement\":[{\"@type\":\"ListItem\",\"position\":1,\"name\":\"Home\",\"item\":\"https:\/\/www.gcouto.com.br\/en\/\"},{\"@type\":\"ListItem\",\"position\":2,\"name\":\"O Globo: Oscar Gra\u00e7a Couto comenta derrubada de vetos ao Novo Licenciamento Ambiental\"}]},{\"@type\":\"WebSite\",\"@id\":\"https:\/\/www.gcouto.com.br\/#website\",\"url\":\"https:\/\/www.gcouto.com.br\/\",\"name\":\"Gra\u00e7a Couto\",\"description\":\"\",\"potentialAction\":[{\"@type\":\"SearchAction\",\"target\":{\"@type\":\"EntryPoint\",\"urlTemplate\":\"https:\/\/www.gcouto.com.br\/?s={search_term_string}\"},\"query-input\":{\"@type\":\"PropertyValueSpecification\",\"valueRequired\":true,\"valueName\":\"search_term_string\"}}],\"inLanguage\":\"en-US\"},{\"@type\":\"Person\",\"@id\":\"https:\/\/www.gcouto.com.br\/#\/schema\/person\/55698f93f7c21624e5fe8f0c8e595e97\",\"name\":\"Graca Couto\",\"image\":{\"@type\":\"ImageObject\",\"inLanguage\":\"en-US\",\"@id\":\"https:\/\/www.gcouto.com.br\/#\/schema\/person\/image\/\",\"url\":\"https:\/\/secure.gravatar.com\/avatar\/00deb9dae555aa523055e24f219c2ef2e412e4cd466f64ded39f9764383e099b?s=96&d=mm&r=g\",\"contentUrl\":\"https:\/\/secure.gravatar.com\/avatar\/00deb9dae555aa523055e24f219c2ef2e412e4cd466f64ded39f9764383e099b?s=96&d=mm&r=g\",\"caption\":\"Graca Couto\"},\"url\":\"https:\/\/www.gcouto.com.br\/en\/author\/gcouto\/\"}]}<\/script>\n<!-- \/ Yoast SEO plugin. -->","yoast_head_json":{"title":"O Globo: Oscar Gra\u00e7a Couto comenta derrubada de vetos ao Novo Licenciamento Ambiental - Gra\u00e7a Couto","robots":{"index":"index","follow":"follow","max-snippet":"max-snippet:-1","max-image-preview":"max-image-preview:large","max-video-preview":"max-video-preview:-1"},"canonical":"https:\/\/www.gcouto.com.br\/o-globo-derrubada-de-vetos-ao-novo-licenciamento-ambiental-e-tema-de-entrevista-com-oscar-graca-couto\/","og_locale":"en_US","og_type":"article","og_title":"O Globo: Oscar Gra\u00e7a Couto comenta derrubada de vetos ao Novo Licenciamento Ambiental - Gra\u00e7a Couto","og_description":"Nosso s\u00f3cio Oscar Gra\u00e7a Couto comentou, em entrevista a O Globo, a derrubada dos vetos ao Novo Licenciamento Ambiental. Na reportagem, o s\u00f3cio afirma que a medida traz \u201caumento da inseguran\u00e7a jur\u00eddica\u201d e detalha os fundamentos que podem levar \u00e0 contesta\u00e7\u00e3o da norma: \u201cA derrubada de vetos certamente resultar\u00e1 na judicializa\u00e7\u00e3o do tema. Muitos dos [&hellip;]","og_url":"https:\/\/www.gcouto.com.br\/o-globo-derrubada-de-vetos-ao-novo-licenciamento-ambiental-e-tema-de-entrevista-com-oscar-graca-couto\/","og_site_name":"Gra\u00e7a Couto","article_published_time":"2025-12-04T18:25:25+00:00","article_modified_time":"2026-03-13T15:01:46+00:00","author":"Graca Couto","twitter_card":"summary_large_image","twitter_misc":{"Written by":"Graca Couto","Est. reading time":"1 minute"},"schema":{"@context":"https:\/\/schema.org","@graph":[{"@type":"WebPage","@id":"https:\/\/www.gcouto.com.br\/o-globo-derrubada-de-vetos-ao-novo-licenciamento-ambiental-e-tema-de-entrevista-com-oscar-graca-couto\/","url":"https:\/\/www.gcouto.com.br\/o-globo-derrubada-de-vetos-ao-novo-licenciamento-ambiental-e-tema-de-entrevista-com-oscar-graca-couto\/","name":"O Globo: Oscar Gra\u00e7a Couto comenta derrubada de vetos ao Novo Licenciamento Ambiental - Gra\u00e7a Couto","isPartOf":{"@id":"https:\/\/www.gcouto.com.br\/#website"},"datePublished":"2025-12-04T18:25:25+00:00","dateModified":"2026-03-13T15:01:46+00:00","author":{"@id":"https:\/\/www.gcouto.com.br\/#\/schema\/person\/55698f93f7c21624e5fe8f0c8e595e97"},"breadcrumb":{"@id":"https:\/\/www.gcouto.com.br\/o-globo-derrubada-de-vetos-ao-novo-licenciamento-ambiental-e-tema-de-entrevista-com-oscar-graca-couto\/#breadcrumb"},"inLanguage":"en-US","potentialAction":[{"@type":"ReadAction","target":["https:\/\/www.gcouto.com.br\/o-globo-derrubada-de-vetos-ao-novo-licenciamento-ambiental-e-tema-de-entrevista-com-oscar-graca-couto\/"]}]},{"@type":"BreadcrumbList","@id":"https:\/\/www.gcouto.com.br\/o-globo-derrubada-de-vetos-ao-novo-licenciamento-ambiental-e-tema-de-entrevista-com-oscar-graca-couto\/#breadcrumb","itemListElement":[{"@type":"ListItem","position":1,"name":"Home","item":"https:\/\/www.gcouto.com.br\/en\/"},{"@type":"ListItem","position":2,"name":"O Globo: Oscar Gra\u00e7a Couto comenta derrubada de vetos ao Novo Licenciamento Ambiental"}]},{"@type":"WebSite","@id":"https:\/\/www.gcouto.com.br\/#website","url":"https:\/\/www.gcouto.com.br\/","name":"Gra\u00e7a Couto","description":"","potentialAction":[{"@type":"SearchAction","target":{"@type":"EntryPoint","urlTemplate":"https:\/\/www.gcouto.com.br\/?s={search_term_string}"},"query-input":{"@type":"PropertyValueSpecification","valueRequired":true,"valueName":"search_term_string"}}],"inLanguage":"en-US"},{"@type":"Person","@id":"https:\/\/www.gcouto.com.br\/#\/schema\/person\/55698f93f7c21624e5fe8f0c8e595e97","name":"Graca Couto","image":{"@type":"ImageObject","inLanguage":"en-US","@id":"https:\/\/www.gcouto.com.br\/#\/schema\/person\/image\/","url":"https:\/\/secure.gravatar.com\/avatar\/00deb9dae555aa523055e24f219c2ef2e412e4cd466f64ded39f9764383e099b?s=96&d=mm&r=g","contentUrl":"https:\/\/secure.gravatar.com\/avatar\/00deb9dae555aa523055e24f219c2ef2e412e4cd466f64ded39f9764383e099b?s=96&d=mm&r=g","caption":"Graca Couto"},"url":"https:\/\/www.gcouto.com.br\/en\/author\/gcouto\/"}]}},"_links":{"self":[{"href":"https:\/\/www.gcouto.com.br\/en\/wp-json\/wp\/v2\/posts\/1424","targetHints":{"allow":["GET"]}}],"collection":[{"href":"https:\/\/www.gcouto.com.br\/en\/wp-json\/wp\/v2\/posts"}],"about":[{"href":"https:\/\/www.gcouto.com.br\/en\/wp-json\/wp\/v2\/types\/post"}],"author":[{"embeddable":true,"href":"https:\/\/www.gcouto.com.br\/en\/wp-json\/wp\/v2\/users\/3"}],"replies":[{"embeddable":true,"href":"https:\/\/www.gcouto.com.br\/en\/wp-json\/wp\/v2\/comments?post=1424"}],"version-history":[{"count":2,"href":"https:\/\/www.gcouto.com.br\/en\/wp-json\/wp\/v2\/posts\/1424\/revisions"}],"predecessor-version":[{"id":1446,"href":"https:\/\/www.gcouto.com.br\/en\/wp-json\/wp\/v2\/posts\/1424\/revisions\/1446"}],"wp:attachment":[{"href":"https:\/\/www.gcouto.com.br\/en\/wp-json\/wp\/v2\/media?parent=1424"}],"wp:term":[{"taxonomy":"category","embeddable":true,"href":"https:\/\/www.gcouto.com.br\/en\/wp-json\/wp\/v2\/categories?post=1424"},{"taxonomy":"post_tag","embeddable":true,"href":"https:\/\/www.gcouto.com.br\/en\/wp-json\/wp\/v2\/tags?post=1424"}],"curies":[{"name":"wp","href":"https:\/\/api.w.org\/{rel}","templated":true}]}}