{"id":1418,"date":"2025-12-02T15:11:54","date_gmt":"2025-12-02T18:11:54","guid":{"rendered":"https:\/\/www.gcouto.com.br\/?p=1418"},"modified":"2026-03-12T15:15:53","modified_gmt":"2026-03-12T18:15:53","slug":"graca-couto-advogados-e-destaque-na-edicao-2026-do-analise-advocacia","status":"publish","type":"post","link":"https:\/\/www.gcouto.com.br\/en\/graca-couto-advogados-e-destaque-na-edicao-2026-do-analise-advocacia\/","title":{"rendered":"Gra\u00e7a Couto Advogados \u00e9 destaque na edi\u00e7\u00e3o 2026 do An\u00e1lise Advocacia"},"content":{"rendered":"\n<p><\/p>\n\n\n\n<p class=\"has-text-align-left\">Fomos reconhecidos na edi\u00e7\u00e3o 2026 do An\u00e1lise Advocacia nas \u00e1reas de Ambiental, Arbitragem, C\u00edvel, Imobili\u00e1rio e Regulat\u00f3ria, al\u00e9m de setores econ\u00f4micos como Energia El\u00e9trica, Petr\u00f3leo e G\u00e1s, Com\u00e9rcio, Siderurgia e Minera\u00e7\u00e3o, Servi\u00e7os Especializados e Transporte e Log\u00edstica.<br><br>Entre os nossos s\u00f3cios, Oscar Gra\u00e7a Couto conquistou 1\u00ba lugar em Ambiental e em UF\/Rio de Janeiro, e Alexandre Abby alcan\u00e7ou 1\u00ba lugar em Energia El\u00e9trica. Marcelo Levitinas e Pedro Bicudo tamb\u00e9m foram reconhecidos entre os Advogados Mais Admirados de 2026. J\u00e1 Carolina H. M. Reinach aparece entre os destaques individuais do ranking.<br><br>Agradecemos \u00e0 An\u00e1lise Editorial e parabenizamos nossas equipes por um resultado que reflete a excel\u00eancia e a consist\u00eancia da nossa atua\u00e7\u00e3o.<\/p>\n\n\n\n<p><\/p>\n","protected":false},"excerpt":{"rendered":"<p>Fomos reconhecidos na edi\u00e7\u00e3o 2026 do An\u00e1lise Advocacia nas \u00e1reas de Ambiental, Arbitragem, C\u00edvel, Imobili\u00e1rio e Regulat\u00f3ria, al\u00e9m de setores econ\u00f4micos como Energia El\u00e9trica, Petr\u00f3leo e G\u00e1s, Com\u00e9rcio, Siderurgia e Minera\u00e7\u00e3o, Servi\u00e7os Especializados e Transporte e Log\u00edstica. Entre os nossos s\u00f3cios, Oscar Gra\u00e7a Couto conquistou 1\u00ba lugar em Ambiental e em UF\/Rio de Janeiro, e [&hellip;]<\/p>\n","protected":false},"author":3,"featured_media":0,"comment_status":"open","ping_status":"open","sticky":false,"template":"","format":"standard","meta":{"footnotes":""},"categories":[15],"tags":[],"class_list":["post-1418","post","type-post","status-publish","format-standard","hentry","category-noticias"],"yoast_head":"<!-- This site is optimized with the Yoast SEO plugin v23.4 - https:\/\/yoast.com\/wordpress\/plugins\/seo\/ -->\n<title>Gra\u00e7a Couto Advogados \u00e9 destaque na edi\u00e7\u00e3o 2026 do An\u00e1lise Advocacia - Gra\u00e7a Couto<\/title>\n<meta name=\"robots\" content=\"index, follow, max-snippet:-1, max-image-preview:large, max-video-preview:-1\" \/>\n<link rel=\"canonical\" href=\"https:\/\/www.gcouto.com.br\/graca-couto-advogados-e-destaque-na-edicao-2026-do-analise-advocacia\/\" \/>\n<meta property=\"og:locale\" content=\"en_US\" \/>\n<meta property=\"og:type\" content=\"article\" \/>\n<meta property=\"og:title\" content=\"Gra\u00e7a Couto Advogados \u00e9 destaque na edi\u00e7\u00e3o 2026 do An\u00e1lise Advocacia - Gra\u00e7a Couto\" \/>\n<meta property=\"og:description\" content=\"Fomos reconhecidos na edi\u00e7\u00e3o 2026 do An\u00e1lise Advocacia nas \u00e1reas de Ambiental, Arbitragem, C\u00edvel, Imobili\u00e1rio e Regulat\u00f3ria, al\u00e9m de setores econ\u00f4micos como Energia El\u00e9trica, Petr\u00f3leo e G\u00e1s, Com\u00e9rcio, Siderurgia e Minera\u00e7\u00e3o, Servi\u00e7os Especializados e Transporte e Log\u00edstica. Entre os nossos s\u00f3cios, Oscar Gra\u00e7a Couto conquistou 1\u00ba lugar em Ambiental e em UF\/Rio de Janeiro, e [&hellip;]\" \/>\n<meta property=\"og:url\" content=\"https:\/\/www.gcouto.com.br\/graca-couto-advogados-e-destaque-na-edicao-2026-do-analise-advocacia\/\" \/>\n<meta property=\"og:site_name\" content=\"Gra\u00e7a Couto\" \/>\n<meta property=\"article:published_time\" content=\"2025-12-02T18:11:54+00:00\" \/>\n<meta property=\"article:modified_time\" content=\"2026-03-12T18:15:53+00:00\" \/>\n<meta name=\"author\" content=\"Graca Couto\" \/>\n<meta name=\"twitter:card\" content=\"summary_large_image\" \/>\n<meta name=\"twitter:label1\" content=\"Written by\" \/>\n\t<meta name=\"twitter:data1\" content=\"Graca Couto\" \/>\n\t<meta name=\"twitter:label2\" content=\"Est. reading time\" \/>\n\t<meta name=\"twitter:data2\" content=\"1 minute\" \/>\n<script type=\"application\/ld+json\" class=\"yoast-schema-graph\">{\"@context\":\"https:\/\/schema.org\",\"@graph\":[{\"@type\":\"WebPage\",\"@id\":\"https:\/\/www.gcouto.com.br\/graca-couto-advogados-e-destaque-na-edicao-2026-do-analise-advocacia\/\",\"url\":\"https:\/\/www.gcouto.com.br\/graca-couto-advogados-e-destaque-na-edicao-2026-do-analise-advocacia\/\",\"name\":\"Gra\u00e7a Couto Advogados \u00e9 destaque na edi\u00e7\u00e3o 2026 do An\u00e1lise Advocacia - Gra\u00e7a Couto\",\"isPartOf\":{\"@id\":\"https:\/\/www.gcouto.com.br\/#website\"},\"datePublished\":\"2025-12-02T18:11:54+00:00\",\"dateModified\":\"2026-03-12T18:15:53+00:00\",\"author\":{\"@id\":\"https:\/\/www.gcouto.com.br\/#\/schema\/person\/55698f93f7c21624e5fe8f0c8e595e97\"},\"breadcrumb\":{\"@id\":\"https:\/\/www.gcouto.com.br\/graca-couto-advogados-e-destaque-na-edicao-2026-do-analise-advocacia\/#breadcrumb\"},\"inLanguage\":\"en-US\",\"potentialAction\":[{\"@type\":\"ReadAction\",\"target\":[\"https:\/\/www.gcouto.com.br\/graca-couto-advogados-e-destaque-na-edicao-2026-do-analise-advocacia\/\"]}]},{\"@type\":\"BreadcrumbList\",\"@id\":\"https:\/\/www.gcouto.com.br\/graca-couto-advogados-e-destaque-na-edicao-2026-do-analise-advocacia\/#breadcrumb\",\"itemListElement\":[{\"@type\":\"ListItem\",\"position\":1,\"name\":\"Home\",\"item\":\"https:\/\/www.gcouto.com.br\/en\/\"},{\"@type\":\"ListItem\",\"position\":2,\"name\":\"Gra\u00e7a Couto Advogados \u00e9 destaque na edi\u00e7\u00e3o 2026 do An\u00e1lise Advocacia\"}]},{\"@type\":\"WebSite\",\"@id\":\"https:\/\/www.gcouto.com.br\/#website\",\"url\":\"https:\/\/www.gcouto.com.br\/\",\"name\":\"Gra\u00e7a Couto\",\"description\":\"\",\"potentialAction\":[{\"@type\":\"SearchAction\",\"target\":{\"@type\":\"EntryPoint\",\"urlTemplate\":\"https:\/\/www.gcouto.com.br\/?s={search_term_string}\"},\"query-input\":{\"@type\":\"PropertyValueSpecification\",\"valueRequired\":true,\"valueName\":\"search_term_string\"}}],\"inLanguage\":\"en-US\"},{\"@type\":\"Person\",\"@id\":\"https:\/\/www.gcouto.com.br\/#\/schema\/person\/55698f93f7c21624e5fe8f0c8e595e97\",\"name\":\"Graca Couto\",\"image\":{\"@type\":\"ImageObject\",\"inLanguage\":\"en-US\",\"@id\":\"https:\/\/www.gcouto.com.br\/#\/schema\/person\/image\/\",\"url\":\"https:\/\/secure.gravatar.com\/avatar\/00deb9dae555aa523055e24f219c2ef2e412e4cd466f64ded39f9764383e099b?s=96&d=mm&r=g\",\"contentUrl\":\"https:\/\/secure.gravatar.com\/avatar\/00deb9dae555aa523055e24f219c2ef2e412e4cd466f64ded39f9764383e099b?s=96&d=mm&r=g\",\"caption\":\"Graca Couto\"},\"url\":\"https:\/\/www.gcouto.com.br\/en\/author\/gcouto\/\"}]}<\/script>\n<!-- \/ Yoast SEO plugin. -->","yoast_head_json":{"title":"Gra\u00e7a Couto Advogados \u00e9 destaque na edi\u00e7\u00e3o 2026 do An\u00e1lise Advocacia - Gra\u00e7a Couto","robots":{"index":"index","follow":"follow","max-snippet":"max-snippet:-1","max-image-preview":"max-image-preview:large","max-video-preview":"max-video-preview:-1"},"canonical":"https:\/\/www.gcouto.com.br\/graca-couto-advogados-e-destaque-na-edicao-2026-do-analise-advocacia\/","og_locale":"en_US","og_type":"article","og_title":"Gra\u00e7a Couto Advogados \u00e9 destaque na edi\u00e7\u00e3o 2026 do An\u00e1lise Advocacia - Gra\u00e7a Couto","og_description":"Fomos reconhecidos na edi\u00e7\u00e3o 2026 do An\u00e1lise Advocacia nas \u00e1reas de Ambiental, Arbitragem, C\u00edvel, Imobili\u00e1rio e Regulat\u00f3ria, al\u00e9m de setores econ\u00f4micos como Energia El\u00e9trica, Petr\u00f3leo e G\u00e1s, Com\u00e9rcio, Siderurgia e Minera\u00e7\u00e3o, Servi\u00e7os Especializados e Transporte e Log\u00edstica. Entre os nossos s\u00f3cios, Oscar Gra\u00e7a Couto conquistou 1\u00ba lugar em Ambiental e em UF\/Rio de Janeiro, e [&hellip;]","og_url":"https:\/\/www.gcouto.com.br\/graca-couto-advogados-e-destaque-na-edicao-2026-do-analise-advocacia\/","og_site_name":"Gra\u00e7a Couto","article_published_time":"2025-12-02T18:11:54+00:00","article_modified_time":"2026-03-12T18:15:53+00:00","author":"Graca Couto","twitter_card":"summary_large_image","twitter_misc":{"Written by":"Graca Couto","Est. reading time":"1 minute"},"schema":{"@context":"https:\/\/schema.org","@graph":[{"@type":"WebPage","@id":"https:\/\/www.gcouto.com.br\/graca-couto-advogados-e-destaque-na-edicao-2026-do-analise-advocacia\/","url":"https:\/\/www.gcouto.com.br\/graca-couto-advogados-e-destaque-na-edicao-2026-do-analise-advocacia\/","name":"Gra\u00e7a Couto Advogados \u00e9 destaque na edi\u00e7\u00e3o 2026 do An\u00e1lise Advocacia - Gra\u00e7a Couto","isPartOf":{"@id":"https:\/\/www.gcouto.com.br\/#website"},"datePublished":"2025-12-02T18:11:54+00:00","dateModified":"2026-03-12T18:15:53+00:00","author":{"@id":"https:\/\/www.gcouto.com.br\/#\/schema\/person\/55698f93f7c21624e5fe8f0c8e595e97"},"breadcrumb":{"@id":"https:\/\/www.gcouto.com.br\/graca-couto-advogados-e-destaque-na-edicao-2026-do-analise-advocacia\/#breadcrumb"},"inLanguage":"en-US","potentialAction":[{"@type":"ReadAction","target":["https:\/\/www.gcouto.com.br\/graca-couto-advogados-e-destaque-na-edicao-2026-do-analise-advocacia\/"]}]},{"@type":"BreadcrumbList","@id":"https:\/\/www.gcouto.com.br\/graca-couto-advogados-e-destaque-na-edicao-2026-do-analise-advocacia\/#breadcrumb","itemListElement":[{"@type":"ListItem","position":1,"name":"Home","item":"https:\/\/www.gcouto.com.br\/en\/"},{"@type":"ListItem","position":2,"name":"Gra\u00e7a Couto Advogados \u00e9 destaque na edi\u00e7\u00e3o 2026 do An\u00e1lise Advocacia"}]},{"@type":"WebSite","@id":"https:\/\/www.gcouto.com.br\/#website","url":"https:\/\/www.gcouto.com.br\/","name":"Gra\u00e7a Couto","description":"","potentialAction":[{"@type":"SearchAction","target":{"@type":"EntryPoint","urlTemplate":"https:\/\/www.gcouto.com.br\/?s={search_term_string}"},"query-input":{"@type":"PropertyValueSpecification","valueRequired":true,"valueName":"search_term_string"}}],"inLanguage":"en-US"},{"@type":"Person","@id":"https:\/\/www.gcouto.com.br\/#\/schema\/person\/55698f93f7c21624e5fe8f0c8e595e97","name":"Graca Couto","image":{"@type":"ImageObject","inLanguage":"en-US","@id":"https:\/\/www.gcouto.com.br\/#\/schema\/person\/image\/","url":"https:\/\/secure.gravatar.com\/avatar\/00deb9dae555aa523055e24f219c2ef2e412e4cd466f64ded39f9764383e099b?s=96&d=mm&r=g","contentUrl":"https:\/\/secure.gravatar.com\/avatar\/00deb9dae555aa523055e24f219c2ef2e412e4cd466f64ded39f9764383e099b?s=96&d=mm&r=g","caption":"Graca Couto"},"url":"https:\/\/www.gcouto.com.br\/en\/author\/gcouto\/"}]}},"_links":{"self":[{"href":"https:\/\/www.gcouto.com.br\/en\/wp-json\/wp\/v2\/posts\/1418","targetHints":{"allow":["GET"]}}],"collection":[{"href":"https:\/\/www.gcouto.com.br\/en\/wp-json\/wp\/v2\/posts"}],"about":[{"href":"https:\/\/www.gcouto.com.br\/en\/wp-json\/wp\/v2\/types\/post"}],"author":[{"embeddable":true,"href":"https:\/\/www.gcouto.com.br\/en\/wp-json\/wp\/v2\/users\/3"}],"replies":[{"embeddable":true,"href":"https:\/\/www.gcouto.com.br\/en\/wp-json\/wp\/v2\/comments?post=1418"}],"version-history":[{"count":2,"href":"https:\/\/www.gcouto.com.br\/en\/wp-json\/wp\/v2\/posts\/1418\/revisions"}],"predecessor-version":[{"id":1423,"href":"https:\/\/www.gcouto.com.br\/en\/wp-json\/wp\/v2\/posts\/1418\/revisions\/1423"}],"wp:attachment":[{"href":"https:\/\/www.gcouto.com.br\/en\/wp-json\/wp\/v2\/media?parent=1418"}],"wp:term":[{"taxonomy":"category","embeddable":true,"href":"https:\/\/www.gcouto.com.br\/en\/wp-json\/wp\/v2\/categories?post=1418"},{"taxonomy":"post_tag","embeddable":true,"href":"https:\/\/www.gcouto.com.br\/en\/wp-json\/wp\/v2\/tags?post=1418"}],"curies":[{"name":"wp","href":"https:\/\/api.w.org\/{rel}","templated":true}]}}